{"id":801,"date":"2014-12-03T00:33:56","date_gmt":"2014-12-02T23:33:56","guid":{"rendered":"http:\/\/www.mariarosabuxarrais.com\/?p=801"},"modified":"2016-07-12T15:51:28","modified_gmt":"2016-07-12T13:51:28","slug":"libroube2014","status":"publish","type":"post","link":"https:\/\/www.mariarosabuxarrais.com\/en\/2014\/12\/03\/libroube2014\/","title":{"rendered":"UB Edicions publishes new book edited by Maria Rosa Buxarrais and Marta Burguet"},"content":{"rendered":"<p><\/p>\n<p style=\"text-align: justify;\"><img loading=\"lazy\" decoding=\"async\" class=\"alignleft size-medium wp-image-802\" src=\"https:\/\/www.mariarosabuxarrais.com\/wp-content\/uploads\/portadaLibro-207x300.png\" alt=\"portadaLibro\" width=\"207\" height=\"300\" srcset=\"https:\/\/www.mariarosabuxarrais.com\/wp-content\/uploads\/portadaLibro-207x300.png 207w, https:\/\/www.mariarosabuxarrais.com\/wp-content\/uploads\/portadaLibro.png 367w\" sizes=\"auto, (max-width: 207px) 100vw, 207px\" \/> UB Edicions has recently published the book &#8220;La conciliaci\u00f3n familiar, laboral, social y personal: una cuesti\u00f3n \u00e9tica&#8221; (136 pp.), ISBN 978-84-475-3879-9, edited by Maria Rosa Buxarrais and Marta Burguet. The book includes articles written by the following authors (by alphabetical order): Marta Burguet Arfelis, Maria Rosa Buxarrais Estrada, Fernanda Duprat, Alexandro Escudero Nah\u00f3n, Francisco Esteban Bara, Am\u00e8lia Tey Teij\u00f3n and Isabel Vilafranca Mangu\u00e1n.<\/p>\n<p style=\"text-align: justify;\"><strong>Abstract<\/strong><\/p>\n<p style=\"text-align: justify;\">Work and family balance can be examined from different angles, be it Philosophy, Psychology, Politics or Sociology, but in all of them there is a common topic: shared time. This is a moment in history when everything takes places in a hurry, when time is a seen as a commodity and everyone&#8217;s dayly routine is organised around the work timetable. Therefore, it is neccesary to develop strategies and cultivate values to not only balance work and family, but also to favour personal growth. From this point of view, work and family balance would be in the field of Ethics and it becomes something that can be taught and learnt.<\/p>\n<p style=\"text-align: justify;\">The articles collected in this book show that, besides the neccesary application of appropriate public policies, balancing work and family implies learning to manage shared spaces and individual times, as well as being aware that balancing the different aspects of our life is, basically, a matter of a values scale.<\/p>\n<p style=\"text-align: justify;\"><strong>Book index<\/strong><\/p>\n<p style=\"text-align: justify;\">&#8211; Introducci\u00f3n.<\/p>\n<p>&#8211; La familia como comunidad moral: consideraciones filos\u00f3ficas para la educaci\u00f3n en valores bas\u00e1ndose en la conciliaci\u00f3n, by Francisco Esteban Bara.<\/p>\n<p>&#8211; La educaci\u00f3n para la igualdad: un reto universal del siglo XXI, by Isabel Vilafranca Mangu\u00e1n.<\/p>\n<p>&#8211; Romper t\u00f3picos en la conciliaci\u00f3n familiar. Cuando la conciliaci\u00f3n adquiere sentido, by Marta Burguet Arfelis.<\/p>\n<p>&#8211; La conciliaci\u00f3n familiar: una condici\u00f3n necesaria para educar en valores hoy, by Maria Rosa Buxarrais Estrada, Francisco Esteban Bara and Isabel Vilafranca Mangu\u00e1n.<\/p>\n<p>&#8211; El v\u00ednculo educativo basado en la corresponsabilidad afectiva de la familia, by Am\u00e8lia Tey Teij\u00f3n.<\/p>\n<p>&#8211; Los Planes Estad\u00edsticos Nacionales: un espacio de conformaci\u00f3n social, by Fernanda Duprat.<\/p>\n<p>&#8211; Ocio en familia: una estrategia para promover el valor de la corresponsabilidad en la familia by Maria Rosa Buxarrais Estrada and Alexandro Escudero Nah\u00f3n.<\/p>\n<p>&#8211; A modo de conclusi\u00f3n.<\/p>\n<p>El libro est\u00e1 disponible en la tienda online de Ediciones Universitat de Barcelona en <a href=\"http:\/\/www.publicacions.ub.edu\/ficha.aspx?cod=08130\" target=\"_blank\">este link<\/a>.<\/p>\n<\/p>\n<p><\/p>","protected":false},"excerpt":{"rendered":"<p>UB Edicions has recently published the book &#8220;La conciliaci\u00f3n familiar, laboral, social y personal: una cuesti\u00f3n \u00e9tica&#8221; (136 pp.), ISBN 978-84-475-3879-9, edited by Maria Rosa Buxarrais and Marta Burguet. The book includes articles written by the following authors (by alphabetical order): Marta Burguet Arfelis, Maria Rosa Buxarrais Estrada, Fernanda Duprat, Alexandro Escudero Nah\u00f3n, Francisco Esteban [&hellip;]<\/p>\n","protected":false},"author":2,"featured_media":0,"comment_status":"closed","ping_status":"closed","sticky":false,"template":"","format":"standard","meta":{"footnotes":""},"categories":[9],"tags":[],"class_list":["post-801","post","type-post","status-publish","format-standard","hentry","category-nuevas-publicaciones"],"_links":{"self":[{"href":"https:\/\/www.mariarosabuxarrais.com\/en\/wp-json\/wp\/v2\/posts\/801","targetHints":{"allow":["GET"]}}],"collection":[{"href":"https:\/\/www.mariarosabuxarrais.com\/en\/wp-json\/wp\/v2\/posts"}],"about":[{"href":"https:\/\/www.mariarosabuxarrais.com\/en\/wp-json\/wp\/v2\/types\/post"}],"author":[{"embeddable":true,"href":"https:\/\/www.mariarosabuxarrais.com\/en\/wp-json\/wp\/v2\/users\/2"}],"replies":[{"embeddable":true,"href":"https:\/\/www.mariarosabuxarrais.com\/en\/wp-json\/wp\/v2\/comments?post=801"}],"version-history":[{"count":14,"href":"https:\/\/www.mariarosabuxarrais.com\/en\/wp-json\/wp\/v2\/posts\/801\/revisions"}],"predecessor-version":[{"id":1005,"href":"https:\/\/www.mariarosabuxarrais.com\/en\/wp-json\/wp\/v2\/posts\/801\/revisions\/1005"}],"wp:attachment":[{"href":"https:\/\/www.mariarosabuxarrais.com\/en\/wp-json\/wp\/v2\/media?parent=801"}],"wp:term":[{"taxonomy":"category","embeddable":true,"href":"https:\/\/www.mariarosabuxarrais.com\/en\/wp-json\/wp\/v2\/categories?post=801"},{"taxonomy":"post_tag","embeddable":true,"href":"https:\/\/www.mariarosabuxarrais.com\/en\/wp-json\/wp\/v2\/tags?post=801"}],"curies":[{"name":"wp","href":"https:\/\/api.w.org\/{rel}","templated":true}]}}