{"id":2256,"date":"2025-02-25T12:35:00","date_gmt":"2025-02-25T11:35:00","guid":{"rendered":"https:\/\/www.mariarosabuxarrais.com\/?p=2256"},"modified":"2025-04-27T12:49:52","modified_gmt":"2025-04-27T10:49:52","slug":"ices","status":"publish","type":"post","link":"https:\/\/www.mariarosabuxarrais.com\/en\/2025\/02\/25\/ices\/","title":{"rendered":"Meeting of the ICE, IDP and CIFE of Catalan universities"},"content":{"rendered":"<p><\/p>\n<p style=\"text-align: justify;\">On the 20th of February, Dr. Buxarrais, as Director of the Institute for Professional Development (IDP) at the University of Barcelona, \u200b\u200bmet with the directors of the institutes of education sciences at Catalan universities to discuss the topic of in-service teacher training, along with Esther Niub\u00f3 Cidoncha, Regional Minister of Education and Vocational Training, and Merc\u00e8 Andreu i Ros\u00e9s, Director General of Innovation, Digitalization and Curriculum of the Government of Catalonia.<\/p>\n<p style=\"text-align: justify;\"><a href=\"https:\/\/www.mariarosabuxarrais.com\/wp-content\/uploads\/2025-02-20ICEs.jpeg\" data-rel=\"lightbox-image-0\" data-imagelightbox=\"0\" data-rl_title=\"\" data-rl_caption=\"\" title=\"\"><img loading=\"lazy\" decoding=\"async\" class=\"aligncenter size-large wp-image-2258\" src=\"https:\/\/www.mariarosabuxarrais.com\/wp-content\/uploads\/2025-02-20ICEs-1024x554.jpeg\" alt=\"Group photo\" width=\"625\" height=\"338\" srcset=\"https:\/\/www.mariarosabuxarrais.com\/wp-content\/uploads\/2025-02-20ICEs-1024x554.jpeg 1024w, https:\/\/www.mariarosabuxarrais.com\/wp-content\/uploads\/2025-02-20ICEs-300x162.jpeg 300w, https:\/\/www.mariarosabuxarrais.com\/wp-content\/uploads\/2025-02-20ICEs-768x415.jpeg 768w, https:\/\/www.mariarosabuxarrais.com\/wp-content\/uploads\/2025-02-20ICEs-1536x830.jpeg 1536w, https:\/\/www.mariarosabuxarrais.com\/wp-content\/uploads\/2025-02-20ICEs-624x337.jpeg 624w, https:\/\/www.mariarosabuxarrais.com\/wp-content\/uploads\/2025-02-20ICEs.jpeg 1600w\" sizes=\"auto, (max-width: 625px) 100vw, 625px\" \/><\/a>From left to right: Xavier Cervera (ICE-Univ Lleida), Jaume Ametller (ICE-Univ Girona), Maria Rosa Buxarrais (IDP-UB), Ester Niub\u00f3 (Regional Minister of Education and Vocational Training), Antoni Portell (CIFE- UVic), Antoni P\u00e9rez-Portabella (ICE-URV), Merc\u00e9 Andreu (Director General de Innovaci\u00f3n, Digitalizaci\u00f3n y Curr\u00edculum), Mar Carri\u00f3 (ICE-UPC) and Anna Ortiz (Deputy Director ICE-UAB).<\/p>\n<p><\/p>","protected":false},"excerpt":{"rendered":"<p>On the 20th of February, Dr. Buxarrais, as Director of the Institute for Professional Development (IDP) at the University of Barcelona, \u200b\u200bmet with the directors of the institutes of education sciences at Catalan universities to discuss the topic of in-service teacher training, along with Esther Niub\u00f3 Cidoncha, Regional Minister of Education and Vocational Training, and [&hellip;]<\/p>\n","protected":false},"author":2,"featured_media":0,"comment_status":"closed","ping_status":"closed","sticky":false,"template":"","format":"standard","meta":{"footnotes":""},"categories":[38],"tags":[],"class_list":["post-2256","post","type-post","status-publish","format-standard","hentry","category-eventos-academicos"],"_links":{"self":[{"href":"https:\/\/www.mariarosabuxarrais.com\/en\/wp-json\/wp\/v2\/posts\/2256","targetHints":{"allow":["GET"]}}],"collection":[{"href":"https:\/\/www.mariarosabuxarrais.com\/en\/wp-json\/wp\/v2\/posts"}],"about":[{"href":"https:\/\/www.mariarosabuxarrais.com\/en\/wp-json\/wp\/v2\/types\/post"}],"author":[{"embeddable":true,"href":"https:\/\/www.mariarosabuxarrais.com\/en\/wp-json\/wp\/v2\/users\/2"}],"replies":[{"embeddable":true,"href":"https:\/\/www.mariarosabuxarrais.com\/en\/wp-json\/wp\/v2\/comments?post=2256"}],"version-history":[{"count":5,"href":"https:\/\/www.mariarosabuxarrais.com\/en\/wp-json\/wp\/v2\/posts\/2256\/revisions"}],"predecessor-version":[{"id":2263,"href":"https:\/\/www.mariarosabuxarrais.com\/en\/wp-json\/wp\/v2\/posts\/2256\/revisions\/2263"}],"wp:attachment":[{"href":"https:\/\/www.mariarosabuxarrais.com\/en\/wp-json\/wp\/v2\/media?parent=2256"}],"wp:term":[{"taxonomy":"category","embeddable":true,"href":"https:\/\/www.mariarosabuxarrais.com\/en\/wp-json\/wp\/v2\/categories?post=2256"},{"taxonomy":"post_tag","embeddable":true,"href":"https:\/\/www.mariarosabuxarrais.com\/en\/wp-json\/wp\/v2\/tags?post=2256"}],"curies":[{"name":"wp","href":"https:\/\/api.w.org\/{rel}","templated":true}]}}