{"id":2174,"date":"2024-07-26T10:36:37","date_gmt":"2024-07-26T08:36:37","guid":{"rendered":"https:\/\/www.mariarosabuxarrais.com\/?p=2174"},"modified":"2024-08-21T19:49:59","modified_gmt":"2024-08-21T17:49:59","slug":"uic","status":"publish","type":"post","link":"https:\/\/www.mariarosabuxarrais.com\/en\/2024\/07\/26\/uic\/","title":{"rendered":"Examination panel at UIC Barcelona"},"content":{"rendered":"<p><\/p>\n<p style=\"text-align: justify;\">On the 24 of July, Dr. Maria Rosa Buxarrais presided over the examination panel of the PhD thesis defended by Francisco Javier Malag\u00f3n Terr\u00f3n, entitled &#8220;La formaci\u00f3n continua del profesorado universitario en Espa\u00f1a&#8221;, directed by Dr. Mariona Graell. The event took place at the International University of Catalunya in Sant Cugat del Vall\u00e9s. The other two members of the examination panel were Dr. M\u00f3nica Herrero (University of Oviedo) and Dr. Mar\u00eda \u00c1ngeles Espinosa (Autonomous University of Madrid).<\/p>\n<p style=\"text-align: justify;\"><a href=\"https:\/\/www.mariarosabuxarrais.com\/wp-content\/uploads\/2024-07-24-UIC.jpeg\" data-rel=\"lightbox-image-0\" data-imagelightbox=\"0\" data-rl_title=\"\" data-rl_caption=\"\" title=\"\"><img loading=\"lazy\" decoding=\"async\" class=\"aligncenter size-large wp-image-2176\" src=\"https:\/\/www.mariarosabuxarrais.com\/wp-content\/uploads\/2024-07-24-UIC-1024x768.jpeg\" alt=\"Tribunal\" width=\"625\" height=\"469\" srcset=\"https:\/\/www.mariarosabuxarrais.com\/wp-content\/uploads\/2024-07-24-UIC-1024x768.jpeg 1024w, https:\/\/www.mariarosabuxarrais.com\/wp-content\/uploads\/2024-07-24-UIC-300x225.jpeg 300w, https:\/\/www.mariarosabuxarrais.com\/wp-content\/uploads\/2024-07-24-UIC-768x576.jpeg 768w, https:\/\/www.mariarosabuxarrais.com\/wp-content\/uploads\/2024-07-24-UIC-1536x1152.jpeg 1536w, https:\/\/www.mariarosabuxarrais.com\/wp-content\/uploads\/2024-07-24-UIC-624x468.jpeg 624w, https:\/\/www.mariarosabuxarrais.com\/wp-content\/uploads\/2024-07-24-UIC.jpeg 1600w\" sizes=\"auto, (max-width: 625px) 100vw, 625px\" \/><\/a>From left to right, Dr. Mariona Grael (UIC), Dr. M\u00aa \u00c1ngeles Espinosa (UAM), Dr. M\u00aa Rosa Buxarrais (UB), now also Dr. Javier Malag\u00f3n and Dr. M\u00f3nica Herrero (Univ. of Oviedo)<\/p>\n<p><\/p>","protected":false},"excerpt":{"rendered":"<p>On the 24 of July, Dr. Maria Rosa Buxarrais presided over the examination panel of the PhD thesis defended by Francisco Javier Malag\u00f3n Terr\u00f3n, entitled &#8220;La formaci\u00f3n continua del profesorado universitario en Espa\u00f1a&#8221;, directed by Dr. Mariona Graell. The event took place at the International University of Catalunya in Sant Cugat del Vall\u00e9s. The other [&hellip;]<\/p>\n","protected":false},"author":2,"featured_media":0,"comment_status":"closed","ping_status":"closed","sticky":false,"template":"","format":"standard","meta":{"footnotes":""},"categories":[38],"tags":[],"class_list":["post-2174","post","type-post","status-publish","format-standard","hentry","category-eventos-academicos"],"_links":{"self":[{"href":"https:\/\/www.mariarosabuxarrais.com\/en\/wp-json\/wp\/v2\/posts\/2174","targetHints":{"allow":["GET"]}}],"collection":[{"href":"https:\/\/www.mariarosabuxarrais.com\/en\/wp-json\/wp\/v2\/posts"}],"about":[{"href":"https:\/\/www.mariarosabuxarrais.com\/en\/wp-json\/wp\/v2\/types\/post"}],"author":[{"embeddable":true,"href":"https:\/\/www.mariarosabuxarrais.com\/en\/wp-json\/wp\/v2\/users\/2"}],"replies":[{"embeddable":true,"href":"https:\/\/www.mariarosabuxarrais.com\/en\/wp-json\/wp\/v2\/comments?post=2174"}],"version-history":[{"count":4,"href":"https:\/\/www.mariarosabuxarrais.com\/en\/wp-json\/wp\/v2\/posts\/2174\/revisions"}],"predecessor-version":[{"id":2179,"href":"https:\/\/www.mariarosabuxarrais.com\/en\/wp-json\/wp\/v2\/posts\/2174\/revisions\/2179"}],"wp:attachment":[{"href":"https:\/\/www.mariarosabuxarrais.com\/en\/wp-json\/wp\/v2\/media?parent=2174"}],"wp:term":[{"taxonomy":"category","embeddable":true,"href":"https:\/\/www.mariarosabuxarrais.com\/en\/wp-json\/wp\/v2\/categories?post=2174"},{"taxonomy":"post_tag","embeddable":true,"href":"https:\/\/www.mariarosabuxarrais.com\/en\/wp-json\/wp\/v2\/tags?post=2174"}],"curies":[{"name":"wp","href":"https:\/\/api.w.org\/{rel}","templated":true}]}}