{"id":1953,"date":"2022-06-03T14:46:40","date_gmt":"2022-06-03T12:46:40","guid":{"rendered":"https:\/\/www.mariarosabuxarrais.com\/?p=1953"},"modified":"2022-06-22T05:19:39","modified_gmt":"2022-06-22T03:19:39","slug":"cortina","status":"publish","type":"post","link":"https:\/\/www.mariarosabuxarrais.com\/en\/2022\/06\/03\/cortina\/","title":{"rendered":"Dr. Adela Cortina, Honorary Doctor by University of Barcelona"},"content":{"rendered":"<p><\/p>\n<p style=\"text-align: justify;\"><a href=\"https:\/\/www.mariarosabuxarrais.com\/wp-content\/uploads\/Cortina1.jpeg\" data-rel=\"lightbox-image-0\" data-imagelightbox=\"0\" data-rl_title=\"\" data-rl_caption=\"\" title=\"\"><img loading=\"lazy\" decoding=\"async\" class=\"alignleft size-medium wp-image-1955\" src=\"https:\/\/www.mariarosabuxarrais.com\/wp-content\/uploads\/Cortina1-292x300.jpeg\" alt=\"Adela Cortina\" width=\"292\" height=\"300\" srcset=\"https:\/\/www.mariarosabuxarrais.com\/wp-content\/uploads\/Cortina1-292x300.jpeg 292w, https:\/\/www.mariarosabuxarrais.com\/wp-content\/uploads\/Cortina1.jpeg 413w\" sizes=\"auto, (max-width: 292px) 100vw, 292px\" \/><\/a>Dr. Adela Cortina, Professor Emeritus in Moral Philosophy and Politics at the University of Valencia, was awarded an Honorary Doctor of Education by the University of Barcelona on the 25th of May at the Faculty of Education. Dr. Cortina was sponsored by Dr. Miquel Mart\u00ednez, member of the Research Group in Moral Education, which Dr. Maria Buxarrais coordinates.<\/p>\n<p style=\"text-align: justify;\">Dr. Cortina was the first woman accepted as a fellow fo the Royal Academy of Moral and Political Sciences in 2008. She has been a visiting lecturer at the Universities of Lovain-la-Neuve, Amsterdam, Notre-dame and Cambridge. At the University of Frankfurt she worked with Karl-Otto Apel and J\u00fcrgen Habermas, whose Ethics of Discourse she is recognized for introducing in the Spanish and Iberoamerican academic world. She is the Director of the Inter-university Research Group &#8220;Applied Ethics and Democracy&#8221;. She is the Director of \u00c9TNOR Foundation for Ethics in Organizations since 1991. She has received prestigious awards such as the Ernest Lluch Award to Thinking (2003), the Marcos Garc\u00eda Journalism Award (2004) or the Jovellanos International Essay Award. She has published over twenty books, among others the following: <em><a href=\"https:\/\/www.tecnos.es\/ficha.php?id=2641379\" target=\"_blank\" rel=\"noopener\">\u00c9tica m\u00ednima<\/a><\/em>, <em><a href=\"https:\/\/www.tecnos.es\/ficha.php?id=2641359&amp;pageid=4\" target=\"_blank\" rel=\"noopener\">\u00c9tica sin moral<\/a><\/em> y <a href=\"https:\/\/www.tecnos.es\/ficha.php?id=2053011&amp;pageid=4\" target=\"_blank\" rel=\"noopener\"><em>\u00c9tica aplicada y democracia radical<\/em><\/a>.<\/p>\n<p style=\"text-align: justify;\">During the ceremony it was highlighted the fact that her work shows &#8220;a defence and active promotion of the values of freedom, democracy, justice, equality and solidarity&#8221;, as well as her collaboration with the University of Barcelona and the Catalan context in &#8220;studies, research and actions related to education in active citizenship and participation in democratic and inclusive societies&#8221;.<\/p>\n<p style=\"text-align: center;\"><a href=\"https:\/\/www.mariarosabuxarrais.com\/wp-content\/uploads\/MRByAnguera.jpeg\" data-rel=\"lightbox-image-1\" data-imagelightbox=\"1\" data-rl_title=\"\" data-rl_caption=\"\" title=\"\"><img loading=\"lazy\" decoding=\"async\" class=\"aligncenter size-full wp-image-1965\" src=\"https:\/\/www.mariarosabuxarrais.com\/wp-content\/uploads\/MRByAnguera.jpeg\" alt=\"Buxarrais y Anguera\" width=\"530\" height=\"456\" srcset=\"https:\/\/www.mariarosabuxarrais.com\/wp-content\/uploads\/MRByAnguera.jpeg 530w, https:\/\/www.mariarosabuxarrais.com\/wp-content\/uploads\/MRByAnguera-300x258.jpeg 300w\" sizes=\"auto, (max-width: 530px) 100vw, 530px\" \/><\/a>Dr. Maria Rosa Buxarrais and Dr. Teresa Anguera going to the ceremony<\/p>\n<p style=\"text-align: justify;\"><a href=\"https:\/\/www.mariarosabuxarrais.com\/wp-content\/uploads\/GREMCortina.jpg\" data-rel=\"lightbox-image-2\" data-imagelightbox=\"2\" data-rl_title=\"\" data-rl_caption=\"\" title=\"\"><img loading=\"lazy\" decoding=\"async\" class=\"aligncenter size-full wp-image-1960\" src=\"https:\/\/www.mariarosabuxarrais.com\/wp-content\/uploads\/GREMCortina.jpg\" alt=\"GREM+Cortina\" width=\"1024\" height=\"579\" srcset=\"https:\/\/www.mariarosabuxarrais.com\/wp-content\/uploads\/GREMCortina.jpg 1024w, https:\/\/www.mariarosabuxarrais.com\/wp-content\/uploads\/GREMCortina-300x170.jpg 300w, https:\/\/www.mariarosabuxarrais.com\/wp-content\/uploads\/GREMCortina-768x434.jpg 768w, https:\/\/www.mariarosabuxarrais.com\/wp-content\/uploads\/GREMCortina-624x353.jpg 624w\" sizes=\"auto, (max-width: 1024px) 100vw, 1024px\" \/><\/a>The GREM research group with Dr. Cortina. From left to right, back row: Francisco Esteban, Miquel Mart\u00ednez, Josep M. Puig, Carlos Miralda, M\u00f3nica Gij\u00f3n, F\u00e0tima Avil\u00e9s, Adela Cortina, Xus Mart\u00edn, Am\u00e8lia Tey, Maria Rosa Buxarrais and Jaume Trilla. From left to right, back row: Brenda B\u00e4r, Ferr\u00e1n Crespo, Laura Font\u00e1n, Marta Esteban, Ana Maria Novella, Elena Noguera, Ana Maria Ayuste and Montserrat Pay\u00e0.<\/p>\n<p><\/p>","protected":false},"excerpt":{"rendered":"<p>Dr. Adela Cortina, Professor Emeritus in Moral Philosophy and Politics at the University of Valencia, was awarded an Honorary Doctor of Education by the University of Barcelona on the 25th of May at the Faculty of Education. Dr. Cortina was sponsored by Dr. Miquel Mart\u00ednez, member of the Research Group in Moral Education, which Dr. [&hellip;]<\/p>\n","protected":false},"author":2,"featured_media":0,"comment_status":"closed","ping_status":"closed","sticky":false,"template":"","format":"standard","meta":{"footnotes":""},"categories":[38],"tags":[],"class_list":["post-1953","post","type-post","status-publish","format-standard","hentry","category-eventos-academicos"],"_links":{"self":[{"href":"https:\/\/www.mariarosabuxarrais.com\/en\/wp-json\/wp\/v2\/posts\/1953","targetHints":{"allow":["GET"]}}],"collection":[{"href":"https:\/\/www.mariarosabuxarrais.com\/en\/wp-json\/wp\/v2\/posts"}],"about":[{"href":"https:\/\/www.mariarosabuxarrais.com\/en\/wp-json\/wp\/v2\/types\/post"}],"author":[{"embeddable":true,"href":"https:\/\/www.mariarosabuxarrais.com\/en\/wp-json\/wp\/v2\/users\/2"}],"replies":[{"embeddable":true,"href":"https:\/\/www.mariarosabuxarrais.com\/en\/wp-json\/wp\/v2\/comments?post=1953"}],"version-history":[{"count":5,"href":"https:\/\/www.mariarosabuxarrais.com\/en\/wp-json\/wp\/v2\/posts\/1953\/revisions"}],"predecessor-version":[{"id":1970,"href":"https:\/\/www.mariarosabuxarrais.com\/en\/wp-json\/wp\/v2\/posts\/1953\/revisions\/1970"}],"wp:attachment":[{"href":"https:\/\/www.mariarosabuxarrais.com\/en\/wp-json\/wp\/v2\/media?parent=1953"}],"wp:term":[{"taxonomy":"category","embeddable":true,"href":"https:\/\/www.mariarosabuxarrais.com\/en\/wp-json\/wp\/v2\/categories?post=1953"},{"taxonomy":"post_tag","embeddable":true,"href":"https:\/\/www.mariarosabuxarrais.com\/en\/wp-json\/wp\/v2\/tags?post=1953"}],"curies":[{"name":"wp","href":"https:\/\/api.w.org\/{rel}","templated":true}]}}