{"id":925,"date":"2015-10-07T23:37:49","date_gmt":"2015-10-07T21:37:49","guid":{"rendered":"http:\/\/www.mariarosabuxarrais.com\/?p=925"},"modified":"2016-07-12T15:49:17","modified_gmt":"2016-07-12T13:49:17","slug":"comunicar2015","status":"publish","type":"post","link":"https:\/\/www.mariarosabuxarrais.com\/ca\/2015\/10\/07\/comunicar2015\/","title":{"rendered":"Nova publicaci\u00f3 a Revista Comunicar"},"content":{"rendered":"<p><\/p>\n<p style=\"text-align: justify;\"><a href=\"https:\/\/www.mariarosabuxarrais.com\/wp-content\/uploads\/Comunicar-45.jpg\" data-rel=\"lightbox-image-0\" data-imagelightbox=\"0\" data-rl_title=\"\" data-rl_caption=\"\" title=\"\"><img loading=\"lazy\" decoding=\"async\" class=\"alignleft wp-image-926 size-medium\" src=\"https:\/\/www.mariarosabuxarrais.com\/wp-content\/uploads\/Comunicar-45-227x300.jpg\" alt=\"Portada Revista Comunicar\" width=\"227\" height=\"300\" srcset=\"https:\/\/www.mariarosabuxarrais.com\/wp-content\/uploads\/Comunicar-45-227x300.jpg 227w, https:\/\/www.mariarosabuxarrais.com\/wp-content\/uploads\/Comunicar-45.jpg 442w\" sizes=\"auto, (max-width: 227px) 100vw, 227px\" \/><\/a>Ha estat publicat a la <a href=\"http:\/\/www.revistacomunicar.com\/index.php?contenido=detalles&amp;numero=45&amp;articulo=45-2015-17&amp;idioma=es\" target=\"_blank\">Revista Comunicar<\/a> (E-ISSN: 1988-3293 \/ ISSN: 1134-3478) l&#8217;article &#8220;Uso de las TIC y mediaci\u00f3n parental percibida por ni\u00f1os de Chile&#8221;, escrit per Llarela Berr\u00edos Valenzuela, Mar\u00eda Rosa Buxarrais Estrada i Mar\u00eda Soledad Garc\u00e9s.<\/p>\n<p style=\"text-align: justify;\">Resum:<\/p>\n<p style=\"text-align: justify;\">El uso de las tecnolog\u00edas de la informaci\u00f3n y la comunicaci\u00f3n (TIC) se ha ido masificando en los \u00faltimos a\u00f1os, modificando los h\u00e1bitos de comunicaci\u00f3n, aprendizaje, entretenimiento y de socializaci\u00f3n. Hemos investigado sobre los h\u00e1bitos de los menores con dichas herramientas, adem\u00e1s de su percepci\u00f3n de la mediaci\u00f3n parental en este terreno. Se presenta un estudio exploratorio, en el que se emplea metodolog\u00eda ex post facto descriptiva por encuesta, con un cuestionario como instrumento de recolecci\u00f3n de datos aplicado a 422 ni\u00f1os\/as de 9-12 a\u00f1os de colegios privados de Santiago de Chile. Los resultados indican que las TIC forman parte de la vida cotidiana para la mayor\u00eda de los ni\u00f1os\/as. A pesar de no apreciarse diferencias significativas, en edad y g\u00e9nero, se encontraron comportamientos de riesgo entre las caracter\u00edsticas de uso y en la percepci\u00f3n de la mediaci\u00f3n parental, por lo que vislumbramos la necesidad de implementar programas de intervenci\u00f3n sobre mediaci\u00f3n parental en el uso de las TIC, para as\u00ed promover un uso seguro, responsable y \u00e9tico de las tecnolog\u00edas de la informaci\u00f3n y la comunicaci\u00f3n. De los resultados deriva la reflexi\u00f3n en cuanto a la importancia de formar y fomentar desde temprana edad en el uso id\u00f3neo de las TIC, considerando que estas herramientas son utilizadas de forma cada vez m\u00e1s transversal y homog\u00e9nea entre los m\u00e1s j\u00f3venes.<\/p>\n<p style=\"text-align: justify;\">El text complet es pot descarregar a <a href=\"http:\/\/www.revistacomunicar.com\/index.php?contenido=detalles&amp;numero=45&amp;articulo=45-2015-17&amp;idioma=es\" target=\"_blank\">la p\u00e0gina de la revista<\/a>, en angl\u00e8s i en espanyol i en format pdf, epub o html.<\/p>\n<p><\/p>","protected":false},"excerpt":{"rendered":"<p>Ha estat publicat a la Revista Comunicar (E-ISSN: 1988-3293 \/ ISSN: 1134-3478) l&#8217;article &#8220;Uso de las TIC y mediaci\u00f3n parental percibida por ni\u00f1os de Chile&#8221;, escrit per Llarela Berr\u00edos Valenzuela, Mar\u00eda Rosa Buxarrais Estrada i Mar\u00eda Soledad Garc\u00e9s. Resum: El uso de las tecnolog\u00edas de la informaci\u00f3n y la comunicaci\u00f3n (TIC) se ha ido masificando [&hellip;]<\/p>\n","protected":false},"author":2,"featured_media":0,"comment_status":"closed","ping_status":"closed","sticky":false,"template":"","format":"standard","meta":{"footnotes":""},"categories":[9],"tags":[],"class_list":["post-925","post","type-post","status-publish","format-standard","hentry","category-nuevas-publicaciones"],"_links":{"self":[{"href":"https:\/\/www.mariarosabuxarrais.com\/ca\/wp-json\/wp\/v2\/posts\/925","targetHints":{"allow":["GET"]}}],"collection":[{"href":"https:\/\/www.mariarosabuxarrais.com\/ca\/wp-json\/wp\/v2\/posts"}],"about":[{"href":"https:\/\/www.mariarosabuxarrais.com\/ca\/wp-json\/wp\/v2\/types\/post"}],"author":[{"embeddable":true,"href":"https:\/\/www.mariarosabuxarrais.com\/ca\/wp-json\/wp\/v2\/users\/2"}],"replies":[{"embeddable":true,"href":"https:\/\/www.mariarosabuxarrais.com\/ca\/wp-json\/wp\/v2\/comments?post=925"}],"version-history":[{"count":3,"href":"https:\/\/www.mariarosabuxarrais.com\/ca\/wp-json\/wp\/v2\/posts\/925\/revisions"}],"predecessor-version":[{"id":929,"href":"https:\/\/www.mariarosabuxarrais.com\/ca\/wp-json\/wp\/v2\/posts\/925\/revisions\/929"}],"wp:attachment":[{"href":"https:\/\/www.mariarosabuxarrais.com\/ca\/wp-json\/wp\/v2\/media?parent=925"}],"wp:term":[{"taxonomy":"category","embeddable":true,"href":"https:\/\/www.mariarosabuxarrais.com\/ca\/wp-json\/wp\/v2\/categories?post=925"},{"taxonomy":"post_tag","embeddable":true,"href":"https:\/\/www.mariarosabuxarrais.com\/ca\/wp-json\/wp\/v2\/tags?post=925"}],"curies":[{"name":"wp","href":"https:\/\/api.w.org\/{rel}","templated":true}]}}