{"id":801,"date":"2014-12-03T00:33:56","date_gmt":"2014-12-02T23:33:56","guid":{"rendered":"http:\/\/www.mariarosabuxarrais.com\/?p=801"},"modified":"2016-07-12T15:51:28","modified_gmt":"2016-07-12T13:51:28","slug":"libroube2014","status":"publish","type":"post","link":"https:\/\/www.mariarosabuxarrais.com\/ca\/2014\/12\/03\/libroube2014\/","title":{"rendered":"UB Edicions publica nou llibre editat per Maria Rosa Buxarrais i Marta Burguet"},"content":{"rendered":"<p><\/p>\n<p style=\"text-align: justify;\"><img loading=\"lazy\" decoding=\"async\" class=\"alignleft size-medium wp-image-802\" src=\"https:\/\/www.mariarosabuxarrais.com\/wp-content\/uploads\/portadaLibro-207x300.png\" alt=\"portadaLibro\" width=\"207\" height=\"300\" srcset=\"https:\/\/www.mariarosabuxarrais.com\/wp-content\/uploads\/portadaLibro-207x300.png 207w, https:\/\/www.mariarosabuxarrais.com\/wp-content\/uploads\/portadaLibro.png 367w\" sizes=\"auto, (max-width: 207px) 100vw, 207px\" \/>L&#8217;Editorial UB Edicions ha publicat recentment el llibre &#8220;La conciliaci\u00f3n familiar, laboral, social y personal: una cuesti\u00f3n \u00e9tica &#8221; (136 p\u00e0g.) , amb ISBN : 978-84-475-3879-9 , editat per Maria Rosa Buxarrais i Marta Burguet . El llibre inclou articles dels seg\u00fcents autors (per ordre alfab\u00e8tic): Marta Burguet Arfelis, Maria Rosa Buxarrais Estrada, Fernanda Duprat, Alexandro Escudero Nahon, Francisco Esteban Bara, Am\u00e8lia Tey Teij\u00f3n i Isabel Vilafranca Mangu\u00e1n.<\/p>\n<p style=\"text-align: justify;\"><strong>Resum<\/strong><\/p>\n<p style=\"text-align: justify;\">La conciliaci\u00f3 pot entendre&#8217;s de diferents maneres segons si es pensa des de la filosofia, la psicologia, la pol\u00edtica o la sociologia, per\u00f2 en tots aquests enfocaments hi ha una idea clau: la del temps compartit. En una \u00e8poca dominada per les presses, que el temps t\u00e9 una clara accepci\u00f3 mercantil i la rutina di\u00e0ria s&#8217;organitza entorn de l&#8217;horari laboral, cal desenvolupar estrat\u00e8gies i conrear valors que permetin no solament compaginar la vida laboral i familiar, sin\u00f3 tamb\u00e9 impulsar el creixement personal. Vista des d&#8217;aquesta \u00f2ptica, la conciliaci\u00f3 entra en el terreny de l&#8217;\u00e8tica i pansa a ser alguna cosa que pot ensenyar-se i aprendre&#8217;s.<\/p>\n<p style=\"text-align: justify;\">Els articles reunits en aquest llibre mostren que, m\u00e9s enll\u00e0 de la necess\u00e0ria aplicaci\u00f3 de pol\u00edtiques p\u00fabliques adequades, la conciliaci\u00f3 consisteix a aprendre a gestionar els espais i els temps propis i compartits. I a prendre consci\u00e8ncia que conciliar els diferents \u00e0mbits de la nostra vida \u00e9s, al cap i a la fi, una q\u00fcesti\u00f3 d&#8217;escala de valors.<\/p>\n<p style=\"text-align: justify;\"><strong>\u00cdndex del llibre<\/strong><\/p>\n<p style=\"text-align: justify;\">&#8211; Introducci\u00f3n.<\/p>\n<p>&#8211; La familia como comunidad moral: consideraciones filos\u00f3ficas para la educaci\u00f3n en valores bas\u00e1ndose en la conciliaci\u00f3n, per Francisco Esteban Bara.<\/p>\n<p>&#8211; La educaci\u00f3n para la igualdad: un reto universal del siglo XXI, per Isabel Vilafranca Mangu\u00e1n.<\/p>\n<p>&#8211; Romper t\u00f3picos en la conciliaci\u00f3n familiar. Cuando la conciliaci\u00f3n adquiere sentido, per Marta Burguet Arfelis.<\/p>\n<p>&#8211; La conciliaci\u00f3n familiar: una condici\u00f3n necesaria para educar en valores hoy, per Maria Rosa Buxarrais Estrada, Francisco Esteban Bara i Isabel Vilafranca Mangu\u00e1n.<\/p>\n<p>&#8211; El v\u00ednculo educativo basado en la corresponsabilidad afectiva de la familia, per Am\u00e8lia Tey Teij\u00f3n.<\/p>\n<p>&#8211; Los Planes Estad\u00edsticos Nacionales: un espacio de conformaci\u00f3n social, per Fernanda Duprat.<\/p>\n<p>&#8211; Ocio en familia: una estrategia para promover el valor de la corresponsabilidad en la familia per Maria Rosa Buxarrais Estrada i Alexandro Escudero Nah\u00f3n.<\/p>\n<p>&#8211; A modo de conclusi\u00f3n.<\/p>\n<p style=\"text-align: justify;\">El llibre pot adquirir-se al lloc web L&#8217;Editorial UB Edicions en <a href=\"http:\/\/www.publicacions.ub.edu\/ficha.aspx?cod=08130\" target=\"_blank\">aquest enlla\u00e7<\/a>.<\/p>\n<p><\/p>","protected":false},"excerpt":{"rendered":"<p>L&#8217;Editorial UB Edicions ha publicat recentment el llibre &#8220;La conciliaci\u00f3n familiar, laboral, social y personal: una cuesti\u00f3n \u00e9tica &#8221; (136 p\u00e0g.) , amb ISBN : 978-84-475-3879-9 , editat per Maria Rosa Buxarrais i Marta Burguet . El llibre inclou articles dels seg\u00fcents autors (per ordre alfab\u00e8tic): Marta Burguet Arfelis, Maria Rosa Buxarrais Estrada, Fernanda Duprat, [&hellip;]<\/p>\n","protected":false},"author":2,"featured_media":0,"comment_status":"closed","ping_status":"closed","sticky":false,"template":"","format":"standard","meta":{"footnotes":""},"categories":[9],"tags":[],"class_list":["post-801","post","type-post","status-publish","format-standard","hentry","category-nuevas-publicaciones"],"_links":{"self":[{"href":"https:\/\/www.mariarosabuxarrais.com\/ca\/wp-json\/wp\/v2\/posts\/801","targetHints":{"allow":["GET"]}}],"collection":[{"href":"https:\/\/www.mariarosabuxarrais.com\/ca\/wp-json\/wp\/v2\/posts"}],"about":[{"href":"https:\/\/www.mariarosabuxarrais.com\/ca\/wp-json\/wp\/v2\/types\/post"}],"author":[{"embeddable":true,"href":"https:\/\/www.mariarosabuxarrais.com\/ca\/wp-json\/wp\/v2\/users\/2"}],"replies":[{"embeddable":true,"href":"https:\/\/www.mariarosabuxarrais.com\/ca\/wp-json\/wp\/v2\/comments?post=801"}],"version-history":[{"count":14,"href":"https:\/\/www.mariarosabuxarrais.com\/ca\/wp-json\/wp\/v2\/posts\/801\/revisions"}],"predecessor-version":[{"id":1005,"href":"https:\/\/www.mariarosabuxarrais.com\/ca\/wp-json\/wp\/v2\/posts\/801\/revisions\/1005"}],"wp:attachment":[{"href":"https:\/\/www.mariarosabuxarrais.com\/ca\/wp-json\/wp\/v2\/media?parent=801"}],"wp:term":[{"taxonomy":"category","embeddable":true,"href":"https:\/\/www.mariarosabuxarrais.com\/ca\/wp-json\/wp\/v2\/categories?post=801"},{"taxonomy":"post_tag","embeddable":true,"href":"https:\/\/www.mariarosabuxarrais.com\/ca\/wp-json\/wp\/v2\/tags?post=801"}],"curies":[{"name":"wp","href":"https:\/\/api.w.org\/{rel}","templated":true}]}}