{"id":752,"date":"2014-07-04T17:18:51","date_gmt":"2014-07-04T15:18:51","guid":{"rendered":"http:\/\/www.mariarosabuxarrais.com\/?p=752"},"modified":"2014-07-30T17:44:44","modified_gmt":"2014-07-30T15:44:44","slug":"conf-noubarris2014","status":"publish","type":"post","link":"https:\/\/www.mariarosabuxarrais.com\/ca\/2014\/07\/04\/conf-noubarris2014\/","title":{"rendered":"Confer\u00e8ncia inaugural a la 8ena Escola d&#8217;Estiu de Nou Barris (Barcelona)"},"content":{"rendered":"<p><\/p>\n<p style=\"text-align: justify;\"><a href=\"https:\/\/www.mariarosabuxarrais.com\/wp-content\/uploads\/EscuelaVerano.png\" data-rel=\"lightbox-image-0\" data-imagelightbox=\"0\" data-rl_title=\"\" data-rl_caption=\"\" title=\"\"><img loading=\"lazy\" decoding=\"async\" class=\"alignleft size-medium wp-image-757\" alt=\"8\u00aa Escuela de Verano de Nou Barris\" src=\"https:\/\/www.mariarosabuxarrais.com\/wp-content\/uploads\/EscuelaVerano-212x300.png\" width=\"212\" height=\"300\" srcset=\"https:\/\/www.mariarosabuxarrais.com\/wp-content\/uploads\/EscuelaVerano-212x300.png 212w, https:\/\/www.mariarosabuxarrais.com\/wp-content\/uploads\/EscuelaVerano.png 318w\" sizes=\"auto, (max-width: 212px) 100vw, 212px\" \/><\/a>El passat 1 de juliol, Maria Rosa Buxarrais va impartir la confer\u00e8ncia &#8220;\u00c8tica de la cura&#8221; a la inauguraci\u00f3 de la 8ena Escola d&#8217;Estiu, organitzada anualment per l&#8217;Associaci\u00f3 033 Educa, que aquest any va portar per t\u00edtol: &#8220;Educaci\u00f3 amb cor&#8221;.<\/p>\n<p style=\"text-align: justify;\">La confer\u00e8ncia va tractar sobre les bases del nou paradigma en educaci\u00f3 que s\u2019ha instal\u00b7lar avui a les escoles: la pedagogia de la cura, un plantejament educatiu basat en l&#8217;autonomia relacional amb una \u201ceducaci\u00f3 amb cor\u201d. Es van plantejar els principis i les pr\u00e0ctiques d&#8217;aquest enfocament, centrant-se principalment en el context escolar i presentant algunes estrat\u00e8gies per a la seva promoci\u00f3.<\/p>\n<p style=\"text-align: justify;\">Es pot descarregar el triptic i veure els ponents <a href=\"https:\/\/www.mariarosabuxarrais.com\/download\/18\">aqu\u00ed<\/a>.<\/p>\n<p><\/p>","protected":false},"excerpt":{"rendered":"<p>El passat 1 de juliol, Maria Rosa Buxarrais va impartir la confer\u00e8ncia &#8220;\u00c8tica de la cura&#8221; a la inauguraci\u00f3 de la 8ena Escola d&#8217;Estiu, organitzada anualment per l&#8217;Associaci\u00f3 033 Educa, que aquest any va portar per t\u00edtol: &#8220;Educaci\u00f3 amb cor&#8221;. La confer\u00e8ncia va tractar sobre les bases del nou paradigma en educaci\u00f3 que s\u2019ha instal\u00b7lar [&hellip;]<\/p>\n","protected":false},"author":2,"featured_media":0,"comment_status":"closed","ping_status":"closed","sticky":false,"template":"","format":"standard","meta":{"footnotes":""},"categories":[23],"tags":[24],"class_list":["post-752","post","type-post","status-publish","format-standard","hentry","category-conferencias","tag-8a-escuela-de-verano-nou-barris"],"_links":{"self":[{"href":"https:\/\/www.mariarosabuxarrais.com\/ca\/wp-json\/wp\/v2\/posts\/752","targetHints":{"allow":["GET"]}}],"collection":[{"href":"https:\/\/www.mariarosabuxarrais.com\/ca\/wp-json\/wp\/v2\/posts"}],"about":[{"href":"https:\/\/www.mariarosabuxarrais.com\/ca\/wp-json\/wp\/v2\/types\/post"}],"author":[{"embeddable":true,"href":"https:\/\/www.mariarosabuxarrais.com\/ca\/wp-json\/wp\/v2\/users\/2"}],"replies":[{"embeddable":true,"href":"https:\/\/www.mariarosabuxarrais.com\/ca\/wp-json\/wp\/v2\/comments?post=752"}],"version-history":[{"count":8,"href":"https:\/\/www.mariarosabuxarrais.com\/ca\/wp-json\/wp\/v2\/posts\/752\/revisions"}],"predecessor-version":[{"id":762,"href":"https:\/\/www.mariarosabuxarrais.com\/ca\/wp-json\/wp\/v2\/posts\/752\/revisions\/762"}],"wp:attachment":[{"href":"https:\/\/www.mariarosabuxarrais.com\/ca\/wp-json\/wp\/v2\/media?parent=752"}],"wp:term":[{"taxonomy":"category","embeddable":true,"href":"https:\/\/www.mariarosabuxarrais.com\/ca\/wp-json\/wp\/v2\/categories?post=752"},{"taxonomy":"post_tag","embeddable":true,"href":"https:\/\/www.mariarosabuxarrais.com\/ca\/wp-json\/wp\/v2\/tags?post=752"}],"curies":[{"name":"wp","href":"https:\/\/api.w.org\/{rel}","templated":true}]}}