{"id":2380,"date":"2025-08-14T10:28:09","date_gmt":"2025-08-14T08:28:09","guid":{"rendered":"https:\/\/www.mariarosabuxarrais.com\/?p=2380"},"modified":"2025-10-10T06:19:34","modified_gmt":"2025-10-10T04:19:34","slug":"51-ame","status":"publish","type":"post","link":"https:\/\/www.mariarosabuxarrais.com\/ca\/2025\/08\/14\/51-ame\/","title":{"rendered":"Participaci\u00f3 en el 51\u00e8 Congr\u00e9s de l&#8217;AME a Finl\u00e0ndia"},"content":{"rendered":"<p><\/p>\n<p style=\"text-align: justify;\"><a href=\"https:\/\/www.mariarosabuxarrais.com\/wp-content\/uploads\/2025-08-07-AME1.jpeg\" data-rel=\"lightbox-image-0\" data-imagelightbox=\"0\" data-rl_title=\"\" data-rl_caption=\"\" title=\"\"><img loading=\"lazy\" decoding=\"async\" class=\"size-medium wp-image-2382 alignleft\" src=\"https:\/\/www.mariarosabuxarrais.com\/wp-content\/uploads\/2025-08-07-AME1-244x300.jpeg\" alt=\"Buxarrais en AME\" width=\"244\" height=\"300\" srcset=\"https:\/\/www.mariarosabuxarrais.com\/wp-content\/uploads\/2025-08-07-AME1-244x300.jpeg 244w, https:\/\/www.mariarosabuxarrais.com\/wp-content\/uploads\/2025-08-07-AME1-832x1024.jpeg 832w, https:\/\/www.mariarosabuxarrais.com\/wp-content\/uploads\/2025-08-07-AME1-768x946.jpeg 768w, https:\/\/www.mariarosabuxarrais.com\/wp-content\/uploads\/2025-08-07-AME1-1247x1536.jpeg 1247w, https:\/\/www.mariarosabuxarrais.com\/wp-content\/uploads\/2025-08-07-AME1-624x768.jpeg 624w, https:\/\/www.mariarosabuxarrais.com\/wp-content\/uploads\/2025-08-07-AME1.jpeg 1305w\" sizes=\"auto, (max-width: 244px) 100vw, 244px\" \/><\/a>Del 7 al 9 d&#8217;agost se celebr\u00e0 a Tampere (Finl\u00e0ndia) el <a href=\"https:\/\/events.tuni.fi\/ame25\/\" target=\"_blank\" rel=\"noopener\">51\u00e8 Congr\u00e9s de l&#8217;Associaci\u00f3 d&#8217;Educaci\u00f3 Moral<\/a>, sota el t\u00edtol &#8220;Preocupar-se pels altres i cuidar els altres: Ensenyar i aprendre a ocupar-se de l&#8217;altre&#8221;, que va ser organitzat per la Universitat de Tampere i la Universitat de Texas A&amp;M.<\/p>\n<p style=\"text-align: justify;\">La Dra. Maria Rosa Buxarrais va presentar, juntament amb la Dra. Ana Novella, la Dra. Laia Ferr\u00fas i la Dra. Elena Noguera, una comunicaci\u00f3 titulada &#8220;Intersections between children&#8217;s rights and care in participatory childhood experiences: A relational model&#8221;.<\/p>\n<p><strong>Resum<\/strong><\/p>\n<p style=\"text-align: justify;\">&#8220;<em>This communication examines the vital relationship between adults and children to ensure well-being and foster active citizenship. It emphasizes children\u2019s rights to participate in decisions affecting them and positions them as active agents in society. Drawing on experiences from three projects \u2014 Kids Got Rights, IMCITIZEN, and WETAKEPART \u2014 it presents a model that connects care and rights across five levels: protection, respectful interaction, information, effective exercise of rights, and collaborative promotion. This model advocates for mutual respect, expanding children\u2019s agency and promoting their role in defending rights. It offers practical guidance for educators and professionals to foster a moral education rooted in human rights<\/em>&#8220;.<\/p>\n<p><a href=\"https:\/\/www.mariarosabuxarrais.com\/wp-content\/uploads\/2025-08-07-AME2.jpeg\" data-rel=\"lightbox-image-1\" data-imagelightbox=\"1\" data-rl_title=\"\" data-rl_caption=\"\" title=\"\"><img loading=\"lazy\" decoding=\"async\" class=\"aligncenter size-large wp-image-2383\" src=\"https:\/\/www.mariarosabuxarrais.com\/wp-content\/uploads\/2025-08-07-AME2-1024x840.jpeg\" alt=\"Equipo\" width=\"625\" height=\"513\" srcset=\"https:\/\/www.mariarosabuxarrais.com\/wp-content\/uploads\/2025-08-07-AME2-1024x840.jpeg 1024w, https:\/\/www.mariarosabuxarrais.com\/wp-content\/uploads\/2025-08-07-AME2-300x246.jpeg 300w, https:\/\/www.mariarosabuxarrais.com\/wp-content\/uploads\/2025-08-07-AME2-768x630.jpeg 768w, https:\/\/www.mariarosabuxarrais.com\/wp-content\/uploads\/2025-08-07-AME2-1536x1260.jpeg 1536w, https:\/\/www.mariarosabuxarrais.com\/wp-content\/uploads\/2025-08-07-AME2-624x512.jpeg 624w, https:\/\/www.mariarosabuxarrais.com\/wp-content\/uploads\/2025-08-07-AME2.jpeg 2048w\" sizes=\"auto, (max-width: 625px) 100vw, 625px\" \/><\/a>D&#8217;esquerra a dreta: Laura Font\u00e1n, Eric Ortega, Maria Rosa Buxarrais, Laia Ferr\u00fas i Elena Noguera.<\/p>\n<p style=\"text-align: justify;\">Aix\u00ed mateix, la Dra Buxarrais, Presidenta del Comit\u00e8 del Premi al Bon Treball de l&#8217;Associaci\u00f3 d&#8217;Educaci\u00f3 Moral, va atorgar el guard\u00f3 d&#8217;aquest any a Hsin-chang Tsai, de la Universitat Nacional Normal de Taiwan.<\/p>\n<p style=\"text-align: center;\"><a href=\"https:\/\/www.mariarosabuxarrais.com\/wp-content\/uploads\/2025-08-07-AME3.jpeg\" data-rel=\"lightbox-image-2\" data-imagelightbox=\"2\" data-rl_title=\"\" data-rl_caption=\"\" title=\"\"><img loading=\"lazy\" decoding=\"async\" class=\"aligncenter size-large wp-image-2384\" src=\"https:\/\/www.mariarosabuxarrais.com\/wp-content\/uploads\/2025-08-07-AME3-1024x768.jpeg\" alt=\"Good Work Award\" width=\"625\" height=\"469\" srcset=\"https:\/\/www.mariarosabuxarrais.com\/wp-content\/uploads\/2025-08-07-AME3-1024x768.jpeg 1024w, https:\/\/www.mariarosabuxarrais.com\/wp-content\/uploads\/2025-08-07-AME3-300x225.jpeg 300w, https:\/\/www.mariarosabuxarrais.com\/wp-content\/uploads\/2025-08-07-AME3-768x576.jpeg 768w, https:\/\/www.mariarosabuxarrais.com\/wp-content\/uploads\/2025-08-07-AME3-624x468.jpeg 624w, https:\/\/www.mariarosabuxarrais.com\/wp-content\/uploads\/2025-08-07-AME3.jpeg 1440w\" sizes=\"auto, (max-width: 625px) 100vw, 625px\" \/><\/a>La Dra Buxarrais amb Hsin-chang Tsai, al lliurament del premi<\/p>\n<p><\/p>","protected":false},"excerpt":{"rendered":"<p>Del 7 al 9 d&#8217;agost se celebr\u00e0 a Tampere (Finl\u00e0ndia) el 51\u00e8 Congr\u00e9s de l&#8217;Associaci\u00f3 d&#8217;Educaci\u00f3 Moral, sota el t\u00edtol &#8220;Preocupar-se pels altres i cuidar els altres: Ensenyar i aprendre a ocupar-se de l&#8217;altre&#8221;, que va ser organitzat per la Universitat de Tampere i la Universitat de Texas A&amp;M. La Dra. Maria Rosa Buxarrais va [&hellip;]<\/p>\n","protected":false},"author":2,"featured_media":0,"comment_status":"closed","ping_status":"closed","sticky":false,"template":"","format":"standard","meta":{"footnotes":""},"categories":[38],"tags":[],"class_list":["post-2380","post","type-post","status-publish","format-standard","hentry","category-eventos-academicos"],"_links":{"self":[{"href":"https:\/\/www.mariarosabuxarrais.com\/ca\/wp-json\/wp\/v2\/posts\/2380","targetHints":{"allow":["GET"]}}],"collection":[{"href":"https:\/\/www.mariarosabuxarrais.com\/ca\/wp-json\/wp\/v2\/posts"}],"about":[{"href":"https:\/\/www.mariarosabuxarrais.com\/ca\/wp-json\/wp\/v2\/types\/post"}],"author":[{"embeddable":true,"href":"https:\/\/www.mariarosabuxarrais.com\/ca\/wp-json\/wp\/v2\/users\/2"}],"replies":[{"embeddable":true,"href":"https:\/\/www.mariarosabuxarrais.com\/ca\/wp-json\/wp\/v2\/comments?post=2380"}],"version-history":[{"count":5,"href":"https:\/\/www.mariarosabuxarrais.com\/ca\/wp-json\/wp\/v2\/posts\/2380\/revisions"}],"predecessor-version":[{"id":2416,"href":"https:\/\/www.mariarosabuxarrais.com\/ca\/wp-json\/wp\/v2\/posts\/2380\/revisions\/2416"}],"wp:attachment":[{"href":"https:\/\/www.mariarosabuxarrais.com\/ca\/wp-json\/wp\/v2\/media?parent=2380"}],"wp:term":[{"taxonomy":"category","embeddable":true,"href":"https:\/\/www.mariarosabuxarrais.com\/ca\/wp-json\/wp\/v2\/categories?post=2380"},{"taxonomy":"post_tag","embeddable":true,"href":"https:\/\/www.mariarosabuxarrais.com\/ca\/wp-json\/wp\/v2\/tags?post=2380"}],"curies":[{"name":"wp","href":"https:\/\/api.w.org\/{rel}","templated":true}]}}