{"id":2256,"date":"2025-02-25T12:35:00","date_gmt":"2025-02-25T11:35:00","guid":{"rendered":"https:\/\/www.mariarosabuxarrais.com\/?p=2256"},"modified":"2025-04-27T12:49:52","modified_gmt":"2025-04-27T10:49:52","slug":"ices","status":"publish","type":"post","link":"https:\/\/www.mariarosabuxarrais.com\/ca\/2025\/02\/25\/ices\/","title":{"rendered":"Reuni\u00f3 dels ICE, IDP i CIFE de les universitats catalanes"},"content":{"rendered":"<p><\/p>\n<p style=\"text-align: justify;\">El 20 de febrer passat, la Dra Buxarrais, com a directora de l&#8217;Institut de Desenvolupament Professional (IDP) de la Universitat de Barcelona, \u200b\u200bes va reunir amb la direcci\u00f3 dels instituts de ci\u00e8ncies de l&#8217;educaci\u00f3 de les universitats catalanes per tractar la formaci\u00f3 permanent de mestres i professors juntament amb Esther Niub\u00f3 Cidoncha, Consellera d&#8217;Educaci\u00f3 i Formaci\u00f3 Professional, i Merc\u00e8 Andreu i Ros\u00e9s, Directora General d&#8217;Innovaci\u00f3, Digitalitzaci\u00f3 i Curr\u00edculum del Govern de Catalunya.<\/p>\n<p style=\"text-align: justify;\"><a href=\"https:\/\/www.mariarosabuxarrais.com\/wp-content\/uploads\/2025-02-20ICEs.jpeg\" data-rel=\"lightbox-image-1\" data-imagelightbox=\"1\" data-rl_title=\"\" data-rl_caption=\"\" title=\"\"><img loading=\"lazy\" decoding=\"async\" class=\"aligncenter size-large wp-image-2258\" src=\"https:\/\/www.mariarosabuxarrais.com\/wp-content\/uploads\/2025-02-20ICEs-1024x554.jpeg\" alt=\"Foto de grupo\" width=\"625\" height=\"338\" srcset=\"https:\/\/www.mariarosabuxarrais.com\/wp-content\/uploads\/2025-02-20ICEs-1024x554.jpeg 1024w, https:\/\/www.mariarosabuxarrais.com\/wp-content\/uploads\/2025-02-20ICEs-300x162.jpeg 300w, https:\/\/www.mariarosabuxarrais.com\/wp-content\/uploads\/2025-02-20ICEs-768x415.jpeg 768w, https:\/\/www.mariarosabuxarrais.com\/wp-content\/uploads\/2025-02-20ICEs-1536x830.jpeg 1536w, https:\/\/www.mariarosabuxarrais.com\/wp-content\/uploads\/2025-02-20ICEs-624x337.jpeg 624w, https:\/\/www.mariarosabuxarrais.com\/wp-content\/uploads\/2025-02-20ICEs.jpeg 1600w\" sizes=\"auto, (max-width: 625px) 100vw, 625px\" \/><\/a>D&#8217;esquerra a dreta: Xavier Cervera (ICE-Univ Lleida), Jaume Ametller (ICE-Univ Girona), Maria Rosa Buxarrais (IDP-UB), Ester Niub\u00f3 (Consellera d&#8217;Educaci\u00f3 i Formaci\u00f3 Professional), Antoni Portell (CIFE- UVic), Antoni P\u00e9rez-Portabella (ICE-URV), Merc\u00e9 Andreu (Directora general d&#8217;Innovaci\u00f3, Digitalitzaci\u00f3 i Curriculum), Mar Carri\u00f3 (ICE-UPC) i Anna Ortiz (subdirectora ICE-UAB).<\/p>\n<p><\/p>","protected":false},"excerpt":{"rendered":"<p>El 20 de febrer passat, la Dra Buxarrais, com a directora de l&#8217;Institut de Desenvolupament Professional (IDP) de la Universitat de Barcelona, \u200b\u200bes va reunir amb la direcci\u00f3 dels instituts de ci\u00e8ncies de l&#8217;educaci\u00f3 de les universitats catalanes per tractar la formaci\u00f3 permanent de mestres i professors juntament amb Esther Niub\u00f3 Cidoncha, Consellera d&#8217;Educaci\u00f3 i [&hellip;]<\/p>\n","protected":false},"author":2,"featured_media":0,"comment_status":"closed","ping_status":"closed","sticky":false,"template":"","format":"standard","meta":{"footnotes":""},"categories":[38],"tags":[],"class_list":["post-2256","post","type-post","status-publish","format-standard","hentry","category-eventos-academicos"],"_links":{"self":[{"href":"https:\/\/www.mariarosabuxarrais.com\/ca\/wp-json\/wp\/v2\/posts\/2256","targetHints":{"allow":["GET"]}}],"collection":[{"href":"https:\/\/www.mariarosabuxarrais.com\/ca\/wp-json\/wp\/v2\/posts"}],"about":[{"href":"https:\/\/www.mariarosabuxarrais.com\/ca\/wp-json\/wp\/v2\/types\/post"}],"author":[{"embeddable":true,"href":"https:\/\/www.mariarosabuxarrais.com\/ca\/wp-json\/wp\/v2\/users\/2"}],"replies":[{"embeddable":true,"href":"https:\/\/www.mariarosabuxarrais.com\/ca\/wp-json\/wp\/v2\/comments?post=2256"}],"version-history":[{"count":5,"href":"https:\/\/www.mariarosabuxarrais.com\/ca\/wp-json\/wp\/v2\/posts\/2256\/revisions"}],"predecessor-version":[{"id":2263,"href":"https:\/\/www.mariarosabuxarrais.com\/ca\/wp-json\/wp\/v2\/posts\/2256\/revisions\/2263"}],"wp:attachment":[{"href":"https:\/\/www.mariarosabuxarrais.com\/ca\/wp-json\/wp\/v2\/media?parent=2256"}],"wp:term":[{"taxonomy":"category","embeddable":true,"href":"https:\/\/www.mariarosabuxarrais.com\/ca\/wp-json\/wp\/v2\/categories?post=2256"},{"taxonomy":"post_tag","embeddable":true,"href":"https:\/\/www.mariarosabuxarrais.com\/ca\/wp-json\/wp\/v2\/tags?post=2256"}],"curies":[{"name":"wp","href":"https:\/\/api.w.org\/{rel}","templated":true}]}}