{"id":2224,"date":"2024-12-05T10:04:23","date_gmt":"2024-12-05T09:04:23","guid":{"rendered":"https:\/\/www.mariarosabuxarrais.com\/?p=2224"},"modified":"2025-02-06T20:20:34","modified_gmt":"2025-02-06T19:20:34","slug":"scp-iec","status":"publish","type":"post","link":"https:\/\/www.mariarosabuxarrais.com\/ca\/2024\/12\/05\/scp-iec\/","title":{"rendered":"Participaci\u00f3 al II Congr\u00e9s Internacional de la SCP \u2013 IEC"},"content":{"rendered":"<p><\/p>\n<p style=\"text-align: justify;\">La Dra Maria Rosa Buxarrais va assistir el passat 30 de novembre a Urgell (Lleida) al <a href=\"https:\/\/scpcongres2.wordpress.com\/\" target=\"_blank\" rel=\"noopener\">II Congr\u00e9s internacional de la Societat Catalana de Pedagogia (SCP) &#8211; Institut d&#8217;Estudis Catalans<\/a> (IEC), titulat &#8220;Tend\u00e8ncies d&#8217;\u00e8xit, realitats emergents i expectatives en educaci\u00f3&#8221;.<\/p>\n<p style=\"text-align: justify;\">La Dra. Buxarrais va participar a la taula rodona titulada &#8220;Cultura relacional als centres educatius per a l&#8217;excel\u00b7l\u00e8ncia acad\u00e8mica&#8221;, moderada per Elena Ferreiro, juntament amb Arnoldo Cisternas (psic\u00f2leg i director de l&#8217;Instituto Relacional de Chile) i la Dra. Miriam Subirana (Fundadora de l&#8217;Institut IDEIA Di\u00e1logos e Indagaci\u00f3n Apreciativa, a Barcelona).<\/p>\n<p><a href=\"https:\/\/www.mariarosabuxarrais.com\/wp-content\/uploads\/2024-11-300-1.jpeg\" data-rel=\"lightbox-image-0\" data-imagelightbox=\"0\" data-rl_title=\"\" data-rl_caption=\"\" title=\"\"><img loading=\"lazy\" decoding=\"async\" class=\"aligncenter size-full wp-image-2233\" src=\"https:\/\/www.mariarosabuxarrais.com\/wp-content\/uploads\/2024-11-300-1.jpeg\" alt=\"Buxarrais hablando\" width=\"582\" height=\"778\" srcset=\"https:\/\/www.mariarosabuxarrais.com\/wp-content\/uploads\/2024-11-300-1.jpeg 582w, https:\/\/www.mariarosabuxarrais.com\/wp-content\/uploads\/2024-11-300-1-224x300.jpeg 224w\" sizes=\"auto, (max-width: 582px) 100vw, 582px\" \/><\/a><\/p>\n<p><a href=\"https:\/\/www.mariarosabuxarrais.com\/wp-content\/uploads\/2024-11-301.jpeg\" data-rel=\"lightbox-image-1\" data-imagelightbox=\"1\" data-rl_title=\"\" data-rl_caption=\"\" title=\"\"><img loading=\"lazy\" decoding=\"async\" class=\"aligncenter size-large wp-image-2225\" src=\"https:\/\/www.mariarosabuxarrais.com\/wp-content\/uploads\/2024-11-301-1024x768.jpeg\" alt=\"Mesa redonda\" width=\"625\" height=\"469\" srcset=\"https:\/\/www.mariarosabuxarrais.com\/wp-content\/uploads\/2024-11-301-1024x768.jpeg 1024w, https:\/\/www.mariarosabuxarrais.com\/wp-content\/uploads\/2024-11-301-300x225.jpeg 300w, https:\/\/www.mariarosabuxarrais.com\/wp-content\/uploads\/2024-11-301-768x576.jpeg 768w, https:\/\/www.mariarosabuxarrais.com\/wp-content\/uploads\/2024-11-301-1536x1152.jpeg 1536w, https:\/\/www.mariarosabuxarrais.com\/wp-content\/uploads\/2024-11-301-624x468.jpeg 624w, https:\/\/www.mariarosabuxarrais.com\/wp-content\/uploads\/2024-11-301.jpeg 1600w\" sizes=\"auto, (max-width: 625px) 100vw, 625px\" \/><\/a>D&#8217;esquerra a dreta: A. Cisternas, M. R. Buxarrais, E. Ferreiro i M. Subirana<br \/>\nEs pot veure la taula rodona al seg\u00fcent v\u00eddeo (1h 18&#8242;)<\/p>\n<p><iframe loading=\"lazy\" title=\"\" src=\"https:\/\/www.youtube-nocookie.com\/embed\/rrL8uaYfGOI?si=THrB3LwgW-gKOa_2\" width=\"560\" height=\"315\" frameborder=\"0\" allowfullscreen=\"allowfullscreen\"><\/iframe><\/p>","protected":false},"excerpt":{"rendered":"<p>La Dra Maria Rosa Buxarrais va assistir el passat 30 de novembre a Urgell (Lleida) al II Congr\u00e9s internacional de la Societat Catalana de Pedagogia (SCP) &#8211; Institut d&#8217;Estudis Catalans (IEC), titulat &#8220;Tend\u00e8ncies d&#8217;\u00e8xit, realitats emergents i expectatives en educaci\u00f3&#8221;. La Dra. Buxarrais va participar a la taula rodona titulada &#8220;Cultura relacional als centres educatius [&hellip;]<\/p>\n","protected":false},"author":2,"featured_media":0,"comment_status":"closed","ping_status":"closed","sticky":false,"template":"","format":"standard","meta":{"footnotes":""},"categories":[38],"tags":[],"class_list":["post-2224","post","type-post","status-publish","format-standard","hentry","category-eventos-academicos"],"_links":{"self":[{"href":"https:\/\/www.mariarosabuxarrais.com\/ca\/wp-json\/wp\/v2\/posts\/2224","targetHints":{"allow":["GET"]}}],"collection":[{"href":"https:\/\/www.mariarosabuxarrais.com\/ca\/wp-json\/wp\/v2\/posts"}],"about":[{"href":"https:\/\/www.mariarosabuxarrais.com\/ca\/wp-json\/wp\/v2\/types\/post"}],"author":[{"embeddable":true,"href":"https:\/\/www.mariarosabuxarrais.com\/ca\/wp-json\/wp\/v2\/users\/2"}],"replies":[{"embeddable":true,"href":"https:\/\/www.mariarosabuxarrais.com\/ca\/wp-json\/wp\/v2\/comments?post=2224"}],"version-history":[{"count":5,"href":"https:\/\/www.mariarosabuxarrais.com\/ca\/wp-json\/wp\/v2\/posts\/2224\/revisions"}],"predecessor-version":[{"id":2241,"href":"https:\/\/www.mariarosabuxarrais.com\/ca\/wp-json\/wp\/v2\/posts\/2224\/revisions\/2241"}],"wp:attachment":[{"href":"https:\/\/www.mariarosabuxarrais.com\/ca\/wp-json\/wp\/v2\/media?parent=2224"}],"wp:term":[{"taxonomy":"category","embeddable":true,"href":"https:\/\/www.mariarosabuxarrais.com\/ca\/wp-json\/wp\/v2\/categories?post=2224"},{"taxonomy":"post_tag","embeddable":true,"href":"https:\/\/www.mariarosabuxarrais.com\/ca\/wp-json\/wp\/v2\/tags?post=2224"}],"curies":[{"name":"wp","href":"https:\/\/api.w.org\/{rel}","templated":true}]}}