{"id":2212,"date":"2024-05-15T12:16:23","date_gmt":"2024-05-15T10:16:23","guid":{"rendered":"https:\/\/www.mariarosabuxarrais.com\/?p=2212"},"modified":"2024-11-27T10:23:15","modified_gmt":"2024-11-27T09:23:15","slug":"ub","status":"publish","type":"post","link":"https:\/\/www.mariarosabuxarrais.com\/ca\/2024\/05\/15\/ub\/","title":{"rendered":"Tribunal acad\u00e8mic a la Universitat de Barcelona"},"content":{"rendered":"<p><\/p>\n<p style=\"text-align: justify;\">El passat 9 de maig, la Dra Maria Rosa Buxarrais va participar al tribunal avaluador de la pla\u00e7a de professora agregada de Cristina Galv\u00e1n Fern\u00e1ndez a la Universitat de Barcelona. Els altres membres del tribunal van ser el Dr. Xavier Carrera (Universitat de Lleida), la Dra. Ruth Vil\u00e0 (Universitat de Barcelona), la Dra. N\u00faria Obiols (Universitat de Barcelona) i el Dr. Jos\u00e9 Luis Medina (Universitat de Barcelona).<br \/>\n<a href=\"https:\/\/www.mariarosabuxarrais.com\/wp-content\/uploads\/2024-05-09-UB.jpeg\" data-rel=\"lightbox-image-0\" data-imagelightbox=\"0\" data-rl_title=\"\" data-rl_caption=\"\" title=\"\"><img loading=\"lazy\" decoding=\"async\" class=\"aligncenter size-large wp-image-2213\" src=\"https:\/\/www.mariarosabuxarrais.com\/wp-content\/uploads\/2024-05-09-UB-1024x599.jpeg\" alt=\"Tribunal\" width=\"625\" height=\"366\" \/><\/a>D&#8217;esquerra a dreta: Ruth Vil\u00e0 (UB), Jos\u00e9 Luis Medina (UB), MRB (UB), Cristina Galv\u00e1n (la candidata), N\u00faria Obiols (UB), Xavier Carrera (UDL).<\/p>\n<p><\/p>","protected":false},"excerpt":{"rendered":"<p>El passat 9 de maig, la Dra Maria Rosa Buxarrais va participar al tribunal avaluador de la pla\u00e7a de professora agregada de Cristina Galv\u00e1n Fern\u00e1ndez a la Universitat de Barcelona. Els altres membres del tribunal van ser el Dr. Xavier Carrera (Universitat de Lleida), la Dra. Ruth Vil\u00e0 (Universitat de Barcelona), la Dra. N\u00faria Obiols [&hellip;]<\/p>\n","protected":false},"author":2,"featured_media":0,"comment_status":"closed","ping_status":"closed","sticky":false,"template":"","format":"standard","meta":{"footnotes":""},"categories":[38],"tags":[],"class_list":["post-2212","post","type-post","status-publish","format-standard","hentry","category-eventos-academicos"],"_links":{"self":[{"href":"https:\/\/www.mariarosabuxarrais.com\/ca\/wp-json\/wp\/v2\/posts\/2212","targetHints":{"allow":["GET"]}}],"collection":[{"href":"https:\/\/www.mariarosabuxarrais.com\/ca\/wp-json\/wp\/v2\/posts"}],"about":[{"href":"https:\/\/www.mariarosabuxarrais.com\/ca\/wp-json\/wp\/v2\/types\/post"}],"author":[{"embeddable":true,"href":"https:\/\/www.mariarosabuxarrais.com\/ca\/wp-json\/wp\/v2\/users\/2"}],"replies":[{"embeddable":true,"href":"https:\/\/www.mariarosabuxarrais.com\/ca\/wp-json\/wp\/v2\/comments?post=2212"}],"version-history":[{"count":2,"href":"https:\/\/www.mariarosabuxarrais.com\/ca\/wp-json\/wp\/v2\/posts\/2212\/revisions"}],"predecessor-version":[{"id":2215,"href":"https:\/\/www.mariarosabuxarrais.com\/ca\/wp-json\/wp\/v2\/posts\/2212\/revisions\/2215"}],"wp:attachment":[{"href":"https:\/\/www.mariarosabuxarrais.com\/ca\/wp-json\/wp\/v2\/media?parent=2212"}],"wp:term":[{"taxonomy":"category","embeddable":true,"href":"https:\/\/www.mariarosabuxarrais.com\/ca\/wp-json\/wp\/v2\/categories?post=2212"},{"taxonomy":"post_tag","embeddable":true,"href":"https:\/\/www.mariarosabuxarrais.com\/ca\/wp-json\/wp\/v2\/tags?post=2212"}],"curies":[{"name":"wp","href":"https:\/\/api.w.org\/{rel}","templated":true}]}}