{"id":2199,"date":"2024-10-16T05:13:51","date_gmt":"2024-10-16T03:13:51","guid":{"rendered":"https:\/\/www.mariarosabuxarrais.com\/?p=2199"},"modified":"2024-11-27T05:39:39","modified_gmt":"2024-11-27T04:39:39","slug":"upv-ehu","status":"publish","type":"post","link":"https:\/\/www.mariarosabuxarrais.com\/ca\/2024\/10\/16\/upv-ehu\/","title":{"rendered":"Tribunal acad\u00e8mic a la Universitat del Pa\u00eds Basc"},"content":{"rendered":"<p><\/p>\n<p style=\"text-align: justify;\">El passat 11 d&#8217;octubre, la Dra Maria Rosa Buxarrais va participar al tribunal avaluador de la pla\u00e7a de professora agregada d&#8217;Alba Madinabeitia Ezkurra, que va tenir lloc a la Universitat del Pa\u00eds Basc. Els altres membres del tribunal van ser la Dra Karmele Artetxe (Universitat del Pa\u00eds Basc), la Dra. Teresa Rabazas (Universitat Complutense de Madrid), el Dr. Christian Roith (Universitat d&#8217;Almeria) i el Dr. Luis Mar\u00eda Naya (Univesitat del Pa\u00eds Basc).<\/p>\n<p style=\"text-align: justify;\"><a href=\"https:\/\/www.mariarosabuxarrais.com\/wp-content\/uploads\/2024-10-11-UPV.jpeg\" data-rel=\"lightbox-image-0\" data-imagelightbox=\"0\" data-rl_title=\"\" data-rl_caption=\"\" title=\"\"><img loading=\"lazy\" decoding=\"async\" class=\"alignleft wp-image-2200 size-large\" src=\"https:\/\/www.mariarosabuxarrais.com\/wp-content\/uploads\/2024-10-11-UPV-1024x811.jpeg\" alt=\"Tribunal\" width=\"625\" height=\"495\" srcset=\"https:\/\/www.mariarosabuxarrais.com\/wp-content\/uploads\/2024-10-11-UPV-1024x811.jpeg 1024w, https:\/\/www.mariarosabuxarrais.com\/wp-content\/uploads\/2024-10-11-UPV-300x238.jpeg 300w, https:\/\/www.mariarosabuxarrais.com\/wp-content\/uploads\/2024-10-11-UPV-768x608.jpeg 768w, https:\/\/www.mariarosabuxarrais.com\/wp-content\/uploads\/2024-10-11-UPV-624x494.jpeg 624w, https:\/\/www.mariarosabuxarrais.com\/wp-content\/uploads\/2024-10-11-UPV.jpeg 1101w\" sizes=\"auto, (max-width: 625px) 100vw, 625px\" \/><\/a><br \/>\nD&#8217;esquerra a dreta: Karmele Artetxe (UPV\/EHU), Teresa Rabazas (UCM), Alba Medinabeitia (UPV\/EHU), Maria Rosa Buxarrais (UB) i Luis Maria Naya (UPV\/EHU).<\/p>\n<p><\/p>","protected":false},"excerpt":{"rendered":"<p>El passat 11 d&#8217;octubre, la Dra Maria Rosa Buxarrais va participar al tribunal avaluador de la pla\u00e7a de professora agregada d&#8217;Alba Madinabeitia Ezkurra, que va tenir lloc a la Universitat del Pa\u00eds Basc. Els altres membres del tribunal van ser la Dra Karmele Artetxe (Universitat del Pa\u00eds Basc), la Dra. Teresa Rabazas (Universitat Complutense de [&hellip;]<\/p>\n","protected":false},"author":2,"featured_media":0,"comment_status":"closed","ping_status":"closed","sticky":false,"template":"","format":"standard","meta":{"footnotes":""},"categories":[38],"tags":[],"class_list":["post-2199","post","type-post","status-publish","format-standard","hentry","category-eventos-academicos"],"_links":{"self":[{"href":"https:\/\/www.mariarosabuxarrais.com\/ca\/wp-json\/wp\/v2\/posts\/2199","targetHints":{"allow":["GET"]}}],"collection":[{"href":"https:\/\/www.mariarosabuxarrais.com\/ca\/wp-json\/wp\/v2\/posts"}],"about":[{"href":"https:\/\/www.mariarosabuxarrais.com\/ca\/wp-json\/wp\/v2\/types\/post"}],"author":[{"embeddable":true,"href":"https:\/\/www.mariarosabuxarrais.com\/ca\/wp-json\/wp\/v2\/users\/2"}],"replies":[{"embeddable":true,"href":"https:\/\/www.mariarosabuxarrais.com\/ca\/wp-json\/wp\/v2\/comments?post=2199"}],"version-history":[{"count":5,"href":"https:\/\/www.mariarosabuxarrais.com\/ca\/wp-json\/wp\/v2\/posts\/2199\/revisions"}],"predecessor-version":[{"id":2207,"href":"https:\/\/www.mariarosabuxarrais.com\/ca\/wp-json\/wp\/v2\/posts\/2199\/revisions\/2207"}],"wp:attachment":[{"href":"https:\/\/www.mariarosabuxarrais.com\/ca\/wp-json\/wp\/v2\/media?parent=2199"}],"wp:term":[{"taxonomy":"category","embeddable":true,"href":"https:\/\/www.mariarosabuxarrais.com\/ca\/wp-json\/wp\/v2\/categories?post=2199"},{"taxonomy":"post_tag","embeddable":true,"href":"https:\/\/www.mariarosabuxarrais.com\/ca\/wp-json\/wp\/v2\/tags?post=2199"}],"curies":[{"name":"wp","href":"https:\/\/api.w.org\/{rel}","templated":true}]}}