{"id":2090,"date":"2023-07-04T11:07:55","date_gmt":"2023-07-04T09:07:55","guid":{"rendered":"https:\/\/www.mariarosabuxarrais.com\/?p=2090"},"modified":"2023-10-14T20:16:28","modified_gmt":"2023-10-14T18:16:28","slug":"tribunal-usal","status":"publish","type":"post","link":"https:\/\/www.mariarosabuxarrais.com\/ca\/2023\/07\/04\/tribunal-usal\/","title":{"rendered":"Tribunal acad\u00e8mic a la Universitat de Salamanca"},"content":{"rendered":"<p><\/p>\n<p style=\"text-align: justify;\">El passat 28 de juny, la Dra. Buxarrais va formar part del tribunal avaluador de la pla\u00e7a de catedr\u00e0tic a la Universitat de Salamanca on es presentava el Dr. Jos\u00e9 Manuel Mu\u00f1oz Rodr\u00edguez. Els altres membres del tribunal van ser: Dr. Julio Vera (Universitat de M\u00e1laga), Dr. \u00c1ngel del Dujo (Universitat de Salamanca), Dra. Mar Lorenzo (Universitat de Santiago de Compostela) i Dr. Fernando Gil (Universitat Complutense de Madrid).<\/p>\n<p style=\"text-align: justify;\"><a href=\"https:\/\/www.mariarosabuxarrais.com\/wp-content\/uploads\/2023-06-28-Catedra-de-Pepema.jpeg\" data-rel=\"lightbox-image-0\" data-imagelightbox=\"0\" data-rl_title=\"\" data-rl_caption=\"\" title=\"\"><img loading=\"lazy\" decoding=\"async\" class=\"aligncenter size-full wp-image-2091\" src=\"https:\/\/www.mariarosabuxarrais.com\/wp-content\/uploads\/2023-06-28-Catedra-de-Pepema.jpeg\" alt=\"Miembros\" width=\"735\" height=\"502\" srcset=\"https:\/\/www.mariarosabuxarrais.com\/wp-content\/uploads\/2023-06-28-Catedra-de-Pepema.jpeg 735w, https:\/\/www.mariarosabuxarrais.com\/wp-content\/uploads\/2023-06-28-Catedra-de-Pepema-300x205.jpeg 300w, https:\/\/www.mariarosabuxarrais.com\/wp-content\/uploads\/2023-06-28-Catedra-de-Pepema-624x426.jpeg 624w\" sizes=\"auto, (max-width: 735px) 100vw, 735px\" \/><\/a><br \/>\nD&#8217;esquerra a dreta: Dr. Julio Vera (UMA), Dra. Maria Rosa Buxarrais (UB), Dr. \u00c1ngel del Dujo (USAL), Dr. Jos\u00e9 Manuel Mu\u00f1oz (USAL), Dra. Mar Lorenzo (USC) i Dr. Fernando Gil (UCM).<\/p>\n<p><\/p>","protected":false},"excerpt":{"rendered":"<p>El passat 28 de juny, la Dra. Buxarrais va formar part del tribunal avaluador de la pla\u00e7a de catedr\u00e0tic a la Universitat de Salamanca on es presentava el Dr. Jos\u00e9 Manuel Mu\u00f1oz Rodr\u00edguez. Els altres membres del tribunal van ser: Dr. Julio Vera (Universitat de M\u00e1laga), Dr. \u00c1ngel del Dujo (Universitat de Salamanca), Dra. Mar [&hellip;]<\/p>\n","protected":false},"author":2,"featured_media":0,"comment_status":"closed","ping_status":"closed","sticky":false,"template":"","format":"standard","meta":{"footnotes":""},"categories":[38],"tags":[],"class_list":["post-2090","post","type-post","status-publish","format-standard","hentry","category-eventos-academicos"],"_links":{"self":[{"href":"https:\/\/www.mariarosabuxarrais.com\/ca\/wp-json\/wp\/v2\/posts\/2090","targetHints":{"allow":["GET"]}}],"collection":[{"href":"https:\/\/www.mariarosabuxarrais.com\/ca\/wp-json\/wp\/v2\/posts"}],"about":[{"href":"https:\/\/www.mariarosabuxarrais.com\/ca\/wp-json\/wp\/v2\/types\/post"}],"author":[{"embeddable":true,"href":"https:\/\/www.mariarosabuxarrais.com\/ca\/wp-json\/wp\/v2\/users\/2"}],"replies":[{"embeddable":true,"href":"https:\/\/www.mariarosabuxarrais.com\/ca\/wp-json\/wp\/v2\/comments?post=2090"}],"version-history":[{"count":4,"href":"https:\/\/www.mariarosabuxarrais.com\/ca\/wp-json\/wp\/v2\/posts\/2090\/revisions"}],"predecessor-version":[{"id":2118,"href":"https:\/\/www.mariarosabuxarrais.com\/ca\/wp-json\/wp\/v2\/posts\/2090\/revisions\/2118"}],"wp:attachment":[{"href":"https:\/\/www.mariarosabuxarrais.com\/ca\/wp-json\/wp\/v2\/media?parent=2090"}],"wp:term":[{"taxonomy":"category","embeddable":true,"href":"https:\/\/www.mariarosabuxarrais.com\/ca\/wp-json\/wp\/v2\/categories?post=2090"},{"taxonomy":"post_tag","embeddable":true,"href":"https:\/\/www.mariarosabuxarrais.com\/ca\/wp-json\/wp\/v2\/tags?post=2090"}],"curies":[{"name":"wp","href":"https:\/\/api.w.org\/{rel}","templated":true}]}}