{"id":2068,"date":"2023-03-14T16:38:55","date_gmt":"2023-03-14T15:38:55","guid":{"rendered":"https:\/\/www.mariarosabuxarrais.com\/?p=2068"},"modified":"2023-03-20T20:13:41","modified_gmt":"2023-03-20T19:13:41","slug":"tribunal-academico-en-la-universidad-autonoma-de-barcelona","status":"publish","type":"post","link":"https:\/\/www.mariarosabuxarrais.com\/ca\/2023\/03\/14\/tribunal-academico-en-la-universidad-autonoma-de-barcelona\/","title":{"rendered":"Tribunal acad\u00e8mic a la Universitat Aut\u00f2noma de Barcelona"},"content":{"rendered":"<p><\/p>\n<p style=\"text-align: justify;\">El passat 6 de mar\u00e7, la Dra. Buxarrais va formar part del tribunal avaluador de la pla\u00e7a de catedr\u00e0tica d&#8217;universitat a la qual es presentava la Dra. Pilar Pineda Herrero. Els altres membres del tribunal van ser Dr. Jos\u00e9 Tejada i Dr. Xavier \u00dacar (tots dos de Universitat Aut\u00f2noma de Barcelona).<\/p>\n<p><a href=\"https:\/\/www.mariarosabuxarrais.com\/wp-content\/uploads\/2023-03-06UAB.jpeg\" data-rel=\"lightbox-image-0\" data-imagelightbox=\"0\" data-rl_title=\"\" data-rl_caption=\"\" title=\"\"><img loading=\"lazy\" decoding=\"async\" class=\"aligncenter size-full wp-image-2069\" src=\"https:\/\/www.mariarosabuxarrais.com\/wp-content\/uploads\/2023-03-06UAB.jpeg\" alt=\"Foto del tribunal\" width=\"702\" height=\"458\" srcset=\"https:\/\/www.mariarosabuxarrais.com\/wp-content\/uploads\/2023-03-06UAB.jpeg 702w, https:\/\/www.mariarosabuxarrais.com\/wp-content\/uploads\/2023-03-06UAB-300x196.jpeg 300w, https:\/\/www.mariarosabuxarrais.com\/wp-content\/uploads\/2023-03-06UAB-624x407.jpeg 624w\" sizes=\"auto, (max-width: 702px) 100vw, 702px\" \/><\/a>D&#8217;esquerra a dreta: Dr. Jos\u00e9 Tejada (UAB), Dra. Maria Rosa Buxarrais (UB), Dr. Pilar Pineda i el Dr. Xavier \u00dacar.<\/p>","protected":false},"excerpt":{"rendered":"<p>El passat 6 de mar\u00e7, la Dra. Buxarrais va formar part del tribunal avaluador de la pla\u00e7a de catedr\u00e0tica d&#8217;universitat a la qual es presentava la Dra. Pilar Pineda Herrero. Els altres membres del tribunal van ser Dr. Jos\u00e9 Tejada i Dr. Xavier \u00dacar (tots dos de Universitat Aut\u00f2noma de Barcelona). D&#8217;esquerra a dreta: Dr. [&hellip;]<\/p>\n","protected":false},"author":2,"featured_media":0,"comment_status":"closed","ping_status":"closed","sticky":false,"template":"","format":"standard","meta":{"footnotes":""},"categories":[38],"tags":[],"class_list":["post-2068","post","type-post","status-publish","format-standard","hentry","category-eventos-academicos"],"_links":{"self":[{"href":"https:\/\/www.mariarosabuxarrais.com\/ca\/wp-json\/wp\/v2\/posts\/2068","targetHints":{"allow":["GET"]}}],"collection":[{"href":"https:\/\/www.mariarosabuxarrais.com\/ca\/wp-json\/wp\/v2\/posts"}],"about":[{"href":"https:\/\/www.mariarosabuxarrais.com\/ca\/wp-json\/wp\/v2\/types\/post"}],"author":[{"embeddable":true,"href":"https:\/\/www.mariarosabuxarrais.com\/ca\/wp-json\/wp\/v2\/users\/2"}],"replies":[{"embeddable":true,"href":"https:\/\/www.mariarosabuxarrais.com\/ca\/wp-json\/wp\/v2\/comments?post=2068"}],"version-history":[{"count":1,"href":"https:\/\/www.mariarosabuxarrais.com\/ca\/wp-json\/wp\/v2\/posts\/2068\/revisions"}],"predecessor-version":[{"id":2070,"href":"https:\/\/www.mariarosabuxarrais.com\/ca\/wp-json\/wp\/v2\/posts\/2068\/revisions\/2070"}],"wp:attachment":[{"href":"https:\/\/www.mariarosabuxarrais.com\/ca\/wp-json\/wp\/v2\/media?parent=2068"}],"wp:term":[{"taxonomy":"category","embeddable":true,"href":"https:\/\/www.mariarosabuxarrais.com\/ca\/wp-json\/wp\/v2\/categories?post=2068"},{"taxonomy":"post_tag","embeddable":true,"href":"https:\/\/www.mariarosabuxarrais.com\/ca\/wp-json\/wp\/v2\/tags?post=2068"}],"curies":[{"name":"wp","href":"https:\/\/api.w.org\/{rel}","templated":true}]}}