{"id":1953,"date":"2022-06-03T14:46:40","date_gmt":"2022-06-03T12:46:40","guid":{"rendered":"https:\/\/www.mariarosabuxarrais.com\/?p=1953"},"modified":"2022-06-22T05:19:39","modified_gmt":"2022-06-22T03:19:39","slug":"cortina","status":"publish","type":"post","link":"https:\/\/www.mariarosabuxarrais.com\/ca\/2022\/06\/03\/cortina\/","title":{"rendered":"Dra. Adela Cortina, Honoris Causa en Universitat de Barcelona"},"content":{"rendered":"<p><\/p>\n<p style=\"text-align: justify;\"><a href=\"https:\/\/www.mariarosabuxarrais.com\/wp-content\/uploads\/Cortina1.jpeg\" data-rel=\"lightbox-image-0\" data-imagelightbox=\"0\" data-rl_title=\"\" data-rl_caption=\"\" title=\"\"><img loading=\"lazy\" decoding=\"async\" class=\"alignleft size-medium wp-image-1955\" src=\"https:\/\/www.mariarosabuxarrais.com\/wp-content\/uploads\/Cortina1-292x300.jpeg\" alt=\"Adela Cortina\" width=\"292\" height=\"300\" srcset=\"https:\/\/www.mariarosabuxarrais.com\/wp-content\/uploads\/Cortina1-292x300.jpeg 292w, https:\/\/www.mariarosabuxarrais.com\/wp-content\/uploads\/Cortina1.jpeg 413w\" sizes=\"auto, (max-width: 292px) 100vw, 292px\" \/><\/a>La Dra. Adela Cortina, Catedr\u00e0tica Em\u00e8rita de Filosofia Moral i Pol\u00edtica de la Universitat de Val\u00e8ncia, ha estat investida Doctora Honoris Causa per la Universitat de Barcelona aquest passat 25 de maig a la Facultat d&#8217;Educaci\u00f3, apadrinada pel Dr. Miquel Mart\u00ednez, membre del GREM, el Grup de Recerca en Educaci\u00f3 Moral que dirigeix \u200b\u200bla Dra. Maria Rosa Buxarrais.<\/p>\n<p style=\"text-align: justify;\">La Dra. Cortina va ser la primera dona que va ingressar com a membre de n\u00famero a la Reial Acad\u00e8mia de Ci\u00e8ncies Morals i Pol\u00edtiques el 2008. Ha estat professora visitant de les universitats de Lovain-la-Neuve, Amsterdam, Notre-Dame i Cambridge. A la Universitat de Frankfurt va treballar amb Karl-Otto Apel i J\u00fcrgen Habermas, de la \u00e8tica del discurs de la qual se la reconeix com a introductora en l&#8217;\u00e0mbit espanyol i iberoameric\u00e0. \u00c9s directora del Grup de Recerca interuniversitari \u00c8tiques Aplicades i Democr\u00e0cia i tamb\u00e9 directora de la Fundaci\u00f3 \u00c9TNOR per a l&#8217;\u00e8tica de les organitzacions des del 1991. Ha rebut premis tan prestigiosos com el Premi Ernest Lluch al Pensament (2003), el Premi de Periodisme Marcos Garc\u00eda (2004) o el Premi Internacional d&#8217;Assaig Jovellanos (2007), entre d&#8217;altres. Ha publicat m\u00e9s d&#8217;una vintena de llibres, entre els quals destaquen <em><a href=\"https:\/\/www.tecnos.es\/ficha.php?id=2641379\" target=\"_blank\" rel=\"noopener\">\u00c9tica m\u00ednima<\/a><\/em>, <em><a href=\"https:\/\/www.tecnos.es\/ficha.php?id=2641359&amp;pageid=4\" target=\"_blank\" rel=\"noopener\">\u00c9tica sin moral<\/a><\/em> i <a href=\"https:\/\/www.tecnos.es\/ficha.php?id=2053011&amp;pageid=4\" target=\"_blank\" rel=\"noopener\"><em>\u00c9tica aplicada y democracia radical<\/em><\/a>.<\/p>\n<p style=\"text-align: justify;\">S&#8217;ha destacat a la cerim\u00f2nia que la seva obra mostra &#8220;una defensa i promoci\u00f3 activa dels valors de la llibertat, la democr\u00e0cia, la just\u00edcia, la igualtat i la solidaritat&#8221;, aix\u00ed com la seva col\u00b7laboraci\u00f3 amb la Universitat de Barcelona i l&#8217;entorn catal\u00e0&#8221; en estudis, investigacions i accions relatives a la formaci\u00f3 de ciutadania activa i la participaci\u00f3 en societats democr\u00e0tiques i inclusives&#8221;<\/p>\n<p style=\"text-align: center;\"><a href=\"https:\/\/www.mariarosabuxarrais.com\/wp-content\/uploads\/MRBAnguera.jpeg\" data-rel=\"lightbox-image-4\" data-imagelightbox=\"4\" data-rl_title=\"\" data-rl_caption=\"\" title=\"\"><img loading=\"lazy\" decoding=\"async\" class=\"aligncenter size-full wp-image-1958\" src=\"https:\/\/www.mariarosabuxarrais.com\/wp-content\/uploads\/MRByAnguera.jpeg\" alt=\"Buxarrais y Anguera\" width=\"530\" height=\"456\" \/><\/a>La Dra. Maria Rosa Buxarrais i la Dra Teresa Anguera<\/p>\n<p style=\"text-align: justify;\"><a href=\"https:\/\/www.mariarosabuxarrais.com\/wp-content\/uploads\/GREMCortina.jpg\" data-rel=\"lightbox-image-2\" data-imagelightbox=\"2\" data-rl_title=\"\" data-rl_caption=\"\" title=\"\"><img loading=\"lazy\" decoding=\"async\" class=\"aligncenter size-full wp-image-1960\" src=\"https:\/\/www.mariarosabuxarrais.com\/wp-content\/uploads\/GREMCortina.jpg\" alt=\"GREM+Cortina\" width=\"1024\" height=\"579\" srcset=\"https:\/\/www.mariarosabuxarrais.com\/wp-content\/uploads\/GREMCortina.jpg 1024w, https:\/\/www.mariarosabuxarrais.com\/wp-content\/uploads\/GREMCortina-300x170.jpg 300w, https:\/\/www.mariarosabuxarrais.com\/wp-content\/uploads\/GREMCortina-768x434.jpg 768w, https:\/\/www.mariarosabuxarrais.com\/wp-content\/uploads\/GREMCortina-624x353.jpg 624w\" sizes=\"auto, (max-width: 1024px) 100vw, 1024px\" \/><\/a>El grup de recerca del GREM amb la Dra. Cortina. D&#8217;esquerra a dreta, fila del darrere: Francisco Esteban, Miquel Mart\u00ednez, Josep M. Puig, Carlos Miralda, M\u00f3nica Gij\u00f3n, F\u00e0tima Avil\u00e9s, Adela Cortina, Xus Mart\u00edn, Am\u00e8lia Tey, Maria Rosa Buxarrais i Jaume Trilla. D&#8217;esquerra a dreta, fila del darrere: Brenda B\u00e4r, Ferr\u00e1n Crespo, Laura Font\u00e1n, Marta Esteban, Ana Maria Novella, Elena Noguera, Ana Maria Ayuste i Montserrat Pay\u00e0.<\/p>\n<p><\/p>","protected":false},"excerpt":{"rendered":"<p>La Dra. Adela Cortina, Catedr\u00e0tica Em\u00e8rita de Filosofia Moral i Pol\u00edtica de la Universitat de Val\u00e8ncia, ha estat investida Doctora Honoris Causa per la Universitat de Barcelona aquest passat 25 de maig a la Facultat d&#8217;Educaci\u00f3, apadrinada pel Dr. Miquel Mart\u00ednez, membre del GREM, el Grup de Recerca en Educaci\u00f3 Moral que dirigeix \u200b\u200bla Dra. [&hellip;]<\/p>\n","protected":false},"author":2,"featured_media":0,"comment_status":"closed","ping_status":"closed","sticky":false,"template":"","format":"standard","meta":{"footnotes":""},"categories":[38],"tags":[],"class_list":["post-1953","post","type-post","status-publish","format-standard","hentry","category-eventos-academicos"],"_links":{"self":[{"href":"https:\/\/www.mariarosabuxarrais.com\/ca\/wp-json\/wp\/v2\/posts\/1953","targetHints":{"allow":["GET"]}}],"collection":[{"href":"https:\/\/www.mariarosabuxarrais.com\/ca\/wp-json\/wp\/v2\/posts"}],"about":[{"href":"https:\/\/www.mariarosabuxarrais.com\/ca\/wp-json\/wp\/v2\/types\/post"}],"author":[{"embeddable":true,"href":"https:\/\/www.mariarosabuxarrais.com\/ca\/wp-json\/wp\/v2\/users\/2"}],"replies":[{"embeddable":true,"href":"https:\/\/www.mariarosabuxarrais.com\/ca\/wp-json\/wp\/v2\/comments?post=1953"}],"version-history":[{"count":5,"href":"https:\/\/www.mariarosabuxarrais.com\/ca\/wp-json\/wp\/v2\/posts\/1953\/revisions"}],"predecessor-version":[{"id":1970,"href":"https:\/\/www.mariarosabuxarrais.com\/ca\/wp-json\/wp\/v2\/posts\/1953\/revisions\/1970"}],"wp:attachment":[{"href":"https:\/\/www.mariarosabuxarrais.com\/ca\/wp-json\/wp\/v2\/media?parent=1953"}],"wp:term":[{"taxonomy":"category","embeddable":true,"href":"https:\/\/www.mariarosabuxarrais.com\/ca\/wp-json\/wp\/v2\/categories?post=1953"},{"taxonomy":"post_tag","embeddable":true,"href":"https:\/\/www.mariarosabuxarrais.com\/ca\/wp-json\/wp\/v2\/tags?post=1953"}],"curies":[{"name":"wp","href":"https:\/\/api.w.org\/{rel}","templated":true}]}}