{"id":1904,"date":"2022-02-10T18:23:35","date_gmt":"2022-02-10T17:23:35","guid":{"rendered":"https:\/\/www.mariarosabuxarrais.com\/?p=1904"},"modified":"2022-03-05T19:27:40","modified_gmt":"2022-03-05T18:27:40","slug":"entrevista","status":"publish","type":"post","link":"https:\/\/www.mariarosabuxarrais.com\/ca\/2022\/02\/10\/entrevista\/","title":{"rendered":"Entrevista sobre \u00e8tica al programa de r\u00e0dio &#8216;Plusv\u00e0lua Dones&#8217;"},"content":{"rendered":"<p><\/p>\n<p style=\"text-align: justify;\">El dia 8 de febrer la Dra Buxarrais ha participat al <a href=\"https:\/\/mireiadelpozo.com\/plusvalua-dones\" target=\"_blank\" rel=\"noopener\">programa &#8216;Plusv\u00e0lua Dones&#8217;<\/a> de R\u00e0dio Estel, dirigit i presentat per Mireia del Pozo, per parlar sobre l&#8217;\u00e8tica.<\/p>\n<p style=\"text-align: justify;\">La tert\u00falia que segueix a l&#8217;entrevista de Maria Rosa Buxarrais compta amb Ayrin Pons, coach, formadora i mentora a Pons Formaci\u00f3 i amb la Dra. Anna Berga, soci\u00f2loga i Secret\u00e0ria General de la Universitat Ramon Llull.<\/p>\n<div style=\"text-align: center;\"><iframe loading=\"lazy\" title=\"YouTube video player\" src=\"https:\/\/www.youtube-nocookie.com\/embed\/AjRvUt8lukk\" width=\"560\" height=\"315\" frameborder=\"0\" allowfullscreen=\"allowfullscreen\"><\/iframe><\/div>\n<p><\/p>","protected":false},"excerpt":{"rendered":"<p>El dia 8 de febrer la Dra Buxarrais ha participat al programa &#8216;Plusv\u00e0lua Dones&#8217; de R\u00e0dio Estel, dirigit i presentat per Mireia del Pozo, per parlar sobre l&#8217;\u00e8tica. La tert\u00falia que segueix a l&#8217;entrevista de Maria Rosa Buxarrais compta amb Ayrin Pons, coach, formadora i mentora a Pons Formaci\u00f3 i amb la Dra. Anna Berga, [&hellip;]<\/p>\n","protected":false},"author":2,"featured_media":0,"comment_status":"closed","ping_status":"closed","sticky":false,"template":"","format":"standard","meta":{"footnotes":""},"categories":[31],"tags":[],"class_list":["post-1904","post","type-post","status-publish","format-standard","hentry","category-prensa"],"_links":{"self":[{"href":"https:\/\/www.mariarosabuxarrais.com\/ca\/wp-json\/wp\/v2\/posts\/1904","targetHints":{"allow":["GET"]}}],"collection":[{"href":"https:\/\/www.mariarosabuxarrais.com\/ca\/wp-json\/wp\/v2\/posts"}],"about":[{"href":"https:\/\/www.mariarosabuxarrais.com\/ca\/wp-json\/wp\/v2\/types\/post"}],"author":[{"embeddable":true,"href":"https:\/\/www.mariarosabuxarrais.com\/ca\/wp-json\/wp\/v2\/users\/2"}],"replies":[{"embeddable":true,"href":"https:\/\/www.mariarosabuxarrais.com\/ca\/wp-json\/wp\/v2\/comments?post=1904"}],"version-history":[{"count":1,"href":"https:\/\/www.mariarosabuxarrais.com\/ca\/wp-json\/wp\/v2\/posts\/1904\/revisions"}],"predecessor-version":[{"id":1905,"href":"https:\/\/www.mariarosabuxarrais.com\/ca\/wp-json\/wp\/v2\/posts\/1904\/revisions\/1905"}],"wp:attachment":[{"href":"https:\/\/www.mariarosabuxarrais.com\/ca\/wp-json\/wp\/v2\/media?parent=1904"}],"wp:term":[{"taxonomy":"category","embeddable":true,"href":"https:\/\/www.mariarosabuxarrais.com\/ca\/wp-json\/wp\/v2\/categories?post=1904"},{"taxonomy":"post_tag","embeddable":true,"href":"https:\/\/www.mariarosabuxarrais.com\/ca\/wp-json\/wp\/v2\/tags?post=1904"}],"curies":[{"name":"wp","href":"https:\/\/api.w.org\/{rel}","templated":true}]}}