{"id":1868,"date":"2022-01-05T17:56:18","date_gmt":"2022-01-05T16:56:18","guid":{"rendered":"https:\/\/www.mariarosabuxarrais.com\/?p=1868"},"modified":"2022-01-05T20:25:25","modified_gmt":"2022-01-05T19:25:25","slug":"kindness","status":"publish","type":"post","link":"https:\/\/www.mariarosabuxarrais.com\/ca\/2022\/01\/05\/kindness\/","title":{"rendered":"Vols compartir les teves expressions de bondat?"},"content":{"rendered":"<p><\/p>\n<p style=\"text-align: justify;\"><a href=\"https:\/\/express-kindness.org\/\" target=\"_blank\" rel=\"noopener\"><img loading=\"lazy\" decoding=\"async\" class=\"alignleft wp-image-1869 size-medium\" src=\"https:\/\/www.mariarosabuxarrais.com\/wp-content\/uploads\/Kindness-300x197.jpg\" alt=\"\" width=\"300\" height=\"197\" srcset=\"https:\/\/www.mariarosabuxarrais.com\/wp-content\/uploads\/Kindness-300x197.jpg 300w, https:\/\/www.mariarosabuxarrais.com\/wp-content\/uploads\/Kindness.jpg 319w\" sizes=\"auto, (max-width: 300px) 100vw, 300px\" \/><\/a>Acci\u00f3 per a Educaci\u00f3 Medi\u00e0tica (Action for Media Education) convida joves entre els 3 i els 18 anys, i les seves fam\u00edlies, a unir-se al projecte Exposici\u00f3 internacional multim\u00e8dia.<\/p>\n<p style=\"text-align: justify;\">Comparteix els teus pensaments i sentiments amb altres persones de tot el m\u00f3n. Explica&#8217;ns com expressaries la bondat.<\/p>\n<p style=\"text-align: justify;\">Recordeu que aix\u00f2 no \u00e9s una competici\u00f3. S&#8217;exhibiran totes les participacions al lloc web despr\u00e9s del 2 de maig i tots els participants rebran un certificat digital de participaci\u00f3.<\/p>\n<p style=\"text-align: justify;\">Pots enviar la teva participaci\u00f3 del 10 de gener fins al 20 de maig en una de les categories seg\u00fcents:<\/p>\n<p style=\"text-align: justify;\"><img loading=\"lazy\" decoding=\"async\" class=\"alignleft size-full wp-image-1870\" src=\"https:\/\/www.mariarosabuxarrais.com\/wp-content\/uploads\/KindnessCats.jpg\" alt=\"categories\" width=\"636\" height=\"420\" srcset=\"https:\/\/www.mariarosabuxarrais.com\/wp-content\/uploads\/KindnessCats.jpg 636w, https:\/\/www.mariarosabuxarrais.com\/wp-content\/uploads\/KindnessCats-300x198.jpg 300w, https:\/\/www.mariarosabuxarrais.com\/wp-content\/uploads\/KindnessCats-624x412.jpg 624w\" sizes=\"auto, (max-width: 636px) 100vw, 636px\" \/><br \/>\nTota la informaci\u00f3 sobre com participar en aquest projecte, del qual la Dra. Maria Rosa Buxarrais \u00e9s la coordinadora internacional per a Espanya, a la web <a href=\"https:\/\/express-kindness.org\" target=\"_blank\" rel=\"noopener\">https:\/\/express-kindness.org<\/a><\/p>\n<p><\/p>","protected":false},"excerpt":{"rendered":"<p>Acci\u00f3 per a Educaci\u00f3 Medi\u00e0tica (Action for Media Education) convida joves entre els 3 i els 18 anys, i les seves fam\u00edlies, a unir-se al projecte Exposici\u00f3 internacional multim\u00e8dia. Comparteix els teus pensaments i sentiments amb altres persones de tot el m\u00f3n. Explica&#8217;ns com expressaries la bondat. Recordeu que aix\u00f2 no \u00e9s una competici\u00f3. S&#8217;exhibiran [&hellip;]<\/p>\n","protected":false},"author":2,"featured_media":0,"comment_status":"closed","ping_status":"closed","sticky":false,"template":"","format":"standard","meta":{"footnotes":""},"categories":[35],"tags":[],"class_list":["post-1868","post","type-post","status-publish","format-standard","hentry","category-anuncios"],"_links":{"self":[{"href":"https:\/\/www.mariarosabuxarrais.com\/ca\/wp-json\/wp\/v2\/posts\/1868","targetHints":{"allow":["GET"]}}],"collection":[{"href":"https:\/\/www.mariarosabuxarrais.com\/ca\/wp-json\/wp\/v2\/posts"}],"about":[{"href":"https:\/\/www.mariarosabuxarrais.com\/ca\/wp-json\/wp\/v2\/types\/post"}],"author":[{"embeddable":true,"href":"https:\/\/www.mariarosabuxarrais.com\/ca\/wp-json\/wp\/v2\/users\/2"}],"replies":[{"embeddable":true,"href":"https:\/\/www.mariarosabuxarrais.com\/ca\/wp-json\/wp\/v2\/comments?post=1868"}],"version-history":[{"count":5,"href":"https:\/\/www.mariarosabuxarrais.com\/ca\/wp-json\/wp\/v2\/posts\/1868\/revisions"}],"predecessor-version":[{"id":1879,"href":"https:\/\/www.mariarosabuxarrais.com\/ca\/wp-json\/wp\/v2\/posts\/1868\/revisions\/1879"}],"wp:attachment":[{"href":"https:\/\/www.mariarosabuxarrais.com\/ca\/wp-json\/wp\/v2\/media?parent=1868"}],"wp:term":[{"taxonomy":"category","embeddable":true,"href":"https:\/\/www.mariarosabuxarrais.com\/ca\/wp-json\/wp\/v2\/categories?post=1868"},{"taxonomy":"post_tag","embeddable":true,"href":"https:\/\/www.mariarosabuxarrais.com\/ca\/wp-json\/wp\/v2\/tags?post=1868"}],"curies":[{"name":"wp","href":"https:\/\/api.w.org\/{rel}","templated":true}]}}