{"id":1837,"date":"2021-09-16T18:28:10","date_gmt":"2021-09-16T16:28:10","guid":{"rendered":"https:\/\/www.mariarosabuxarrais.com\/?p=1837"},"modified":"2021-10-30T19:39:19","modified_gmt":"2021-10-30T17:39:19","slug":"tribunal-valencia","status":"publish","type":"post","link":"https:\/\/www.mariarosabuxarrais.com\/ca\/2021\/09\/16\/tribunal-valencia\/","title":{"rendered":"Tribunal acad\u00e8mic a la Universitat de Val\u00e8ncia"},"content":{"rendered":"<p><\/p>\n<p style=\"text-align: justify;\">La Dra. Buxarrais va presidir aquest passat 9 de setembre el tribunal acad\u00e8mic a la Universitat de Val\u00e8ncia que va atorgar la pla\u00e7a de professora contractada doctora a la Dra Immaculada L\u00f3pez Franc\u00e8s.<\/p>\n<p style=\"text-align: justify;\">A la foto, de dreta a esquerra: Dr. Bernardo Gargallo (Universitat de Val\u00e8ncia), Dr. Cruz P\u00e9rez (Universitat de Val\u00e8ncia), Dra. Maria Rosa Buxarrais (Universitat de Barcelona), Dra. Immaculada L\u00f3pez (Universitat de Val\u00e8ncia), Dra. Genoveva Ramos (Universitat de Val\u00e8ncia) i Dra. Mar\u00eda Jos\u00e9 Gisbert (Universitat de Val\u00e8ncia).<\/p>\n<p><a href=\"https:\/\/www.mariarosabuxarrais.com\/wp-content\/uploads\/2021-09-09-Tribunal-1.jpeg\" data-rel=\"lightbox-image-1\" data-imagelightbox=\"1\" data-rl_title=\"\" data-rl_caption=\"\"><img loading=\"lazy\" decoding=\"async\" class=\"alignleft wp-image-1841 size-large\" title=\"\" src=\"https:\/\/www.mariarosabuxarrais.com\/wp-content\/uploads\/2021-09-09-Tribunal-1-1024x593.jpeg\" alt=\"Foto del tribunal\" width=\"625\" height=\"362\" srcset=\"https:\/\/www.mariarosabuxarrais.com\/wp-content\/uploads\/2021-09-09-Tribunal-1-1024x593.jpeg 1024w, https:\/\/www.mariarosabuxarrais.com\/wp-content\/uploads\/2021-09-09-Tribunal-1-300x174.jpeg 300w, https:\/\/www.mariarosabuxarrais.com\/wp-content\/uploads\/2021-09-09-Tribunal-1-768x445.jpeg 768w, https:\/\/www.mariarosabuxarrais.com\/wp-content\/uploads\/2021-09-09-Tribunal-1-624x361.jpeg 624w, https:\/\/www.mariarosabuxarrais.com\/wp-content\/uploads\/2021-09-09-Tribunal-1.jpeg 1055w\" sizes=\"auto, (max-width: 625px) 100vw, 625px\" \/><\/a><\/p>","protected":false},"excerpt":{"rendered":"<p>La Dra. Buxarrais va presidir aquest passat 9 de setembre el tribunal acad\u00e8mic a la Universitat de Val\u00e8ncia que va atorgar la pla\u00e7a de professora contractada doctora a la Dra Immaculada L\u00f3pez Franc\u00e8s. A la foto, de dreta a esquerra: Dr. Bernardo Gargallo (Universitat de Val\u00e8ncia), Dr. Cruz P\u00e9rez (Universitat de Val\u00e8ncia), Dra. Maria Rosa [&hellip;]<\/p>\n","protected":false},"author":2,"featured_media":0,"comment_status":"closed","ping_status":"closed","sticky":false,"template":"","format":"standard","meta":{"footnotes":""},"categories":[38],"tags":[],"class_list":["post-1837","post","type-post","status-publish","format-standard","hentry","category-eventos-academicos"],"_links":{"self":[{"href":"https:\/\/www.mariarosabuxarrais.com\/ca\/wp-json\/wp\/v2\/posts\/1837","targetHints":{"allow":["GET"]}}],"collection":[{"href":"https:\/\/www.mariarosabuxarrais.com\/ca\/wp-json\/wp\/v2\/posts"}],"about":[{"href":"https:\/\/www.mariarosabuxarrais.com\/ca\/wp-json\/wp\/v2\/types\/post"}],"author":[{"embeddable":true,"href":"https:\/\/www.mariarosabuxarrais.com\/ca\/wp-json\/wp\/v2\/users\/2"}],"replies":[{"embeddable":true,"href":"https:\/\/www.mariarosabuxarrais.com\/ca\/wp-json\/wp\/v2\/comments?post=1837"}],"version-history":[{"count":5,"href":"https:\/\/www.mariarosabuxarrais.com\/ca\/wp-json\/wp\/v2\/posts\/1837\/revisions"}],"predecessor-version":[{"id":1848,"href":"https:\/\/www.mariarosabuxarrais.com\/ca\/wp-json\/wp\/v2\/posts\/1837\/revisions\/1848"}],"wp:attachment":[{"href":"https:\/\/www.mariarosabuxarrais.com\/ca\/wp-json\/wp\/v2\/media?parent=1837"}],"wp:term":[{"taxonomy":"category","embeddable":true,"href":"https:\/\/www.mariarosabuxarrais.com\/ca\/wp-json\/wp\/v2\/categories?post=1837"},{"taxonomy":"post_tag","embeddable":true,"href":"https:\/\/www.mariarosabuxarrais.com\/ca\/wp-json\/wp\/v2\/tags?post=1837"}],"curies":[{"name":"wp","href":"https:\/\/api.w.org\/{rel}","templated":true}]}}