{"id":1779,"date":"2021-04-15T18:01:26","date_gmt":"2021-04-15T16:01:26","guid":{"rendered":"https:\/\/www.mariarosabuxarrais.com\/?p=1779"},"modified":"2021-04-27T22:27:41","modified_gmt":"2021-04-27T20:27:41","slug":"publicacion-en-el-proyecto-ciudades-que-cuidan","status":"publish","type":"post","link":"https:\/\/www.mariarosabuxarrais.com\/ca\/2021\/04\/15\/publicacion-en-el-proyecto-ciudades-que-cuidan\/","title":{"rendered":"Publicaci\u00f3 en el projecte &#8220;Ciudades que cuidan&#8221;"},"content":{"rendered":"<p><\/p>\n<p style=\"text-align: justify;\"><img loading=\"lazy\" decoding=\"async\" class=\"alignleft wp-image-1780 size-medium\" src=\"https:\/\/www.mariarosabuxarrais.com\/wp-content\/uploads\/PortadaEd-300x300.jpg\" alt=\"Portada Educaci\u00f3n\" width=\"300\" height=\"300\" srcset=\"https:\/\/www.mariarosabuxarrais.com\/wp-content\/uploads\/PortadaEd-300x300.jpg 300w, https:\/\/www.mariarosabuxarrais.com\/wp-content\/uploads\/PortadaEd-150x150.jpg 150w, https:\/\/www.mariarosabuxarrais.com\/wp-content\/uploads\/PortadaEd.jpg 352w\" sizes=\"auto, (max-width: 300px) 100vw, 300px\" \/>El projecte <a href=\"https:\/\/ciudadesquecuidan.com\" target=\"_blank\" rel=\"noopener\">Ciudades que cuidan<\/a>, coordinat per la <a href=\"https:\/\/www.memora.es\/es\/sobre-memora\/fundacion-memora\" target=\"_blank\" rel=\"noopener\">Fundaci\u00f3 M\u00e9mora<\/a> busca involucrar tota la societat perqu\u00e8 participi activament en els \u00faltims dies de vida d&#8217;una persona. Es tracta d&#8217;un model d&#8217;atenci\u00f3 integral per a cobrir les necessitats sanit\u00e0ries, socials i comunit\u00e0ries de la persona.<\/p>\n<p style=\"text-align: justify;\">Maria Rosa Buxarrais, al costat de quatre professionals de diferents perfils <span class=\"VIiyi\" lang=\"ca\"><span class=\"JLqJ4b ChMk0b\" data-language-for-alternatives=\"ca\" data-language-to-translate-into=\"es\" data-phrase-index=\"1\">acad\u00e8mics<\/span><\/span>, ha escrit l&#8217;article &#8220;<a href=\"https:\/\/ciudadesquecuidan.com\/la-educacion-como-punto-de-partida\/\" target=\"_blank\" rel=\"noopener\">La educaci\u00f3n como punto de partida<\/a>&#8220;, que est\u00e0 disponible per a desc\u00e0rrega de forma gratu\u00efta a la <a href=\"https:\/\/ciudadesquecuidan.com\/forum-debate\" target=\"_blank\" rel=\"noopener\">biblioteca digital<\/a> que el projecte Ciudades que cuidan ha reunit al seu lloc web.<\/p>\n<p><\/p>","protected":false},"excerpt":{"rendered":"<p>El projecte Ciudades que cuidan, coordinat per la Fundaci\u00f3 M\u00e9mora busca involucrar tota la societat perqu\u00e8 participi activament en els \u00faltims dies de vida d&#8217;una persona. Es tracta d&#8217;un model d&#8217;atenci\u00f3 integral per a cobrir les necessitats sanit\u00e0ries, socials i comunit\u00e0ries de la persona. Maria Rosa Buxarrais, al costat de quatre professionals de diferents perfils [&hellip;]<\/p>\n","protected":false},"author":2,"featured_media":0,"comment_status":"closed","ping_status":"closed","sticky":false,"template":"","format":"standard","meta":{"footnotes":""},"categories":[9],"tags":[],"class_list":["post-1779","post","type-post","status-publish","format-standard","hentry","category-nuevas-publicaciones"],"_links":{"self":[{"href":"https:\/\/www.mariarosabuxarrais.com\/ca\/wp-json\/wp\/v2\/posts\/1779","targetHints":{"allow":["GET"]}}],"collection":[{"href":"https:\/\/www.mariarosabuxarrais.com\/ca\/wp-json\/wp\/v2\/posts"}],"about":[{"href":"https:\/\/www.mariarosabuxarrais.com\/ca\/wp-json\/wp\/v2\/types\/post"}],"author":[{"embeddable":true,"href":"https:\/\/www.mariarosabuxarrais.com\/ca\/wp-json\/wp\/v2\/users\/2"}],"replies":[{"embeddable":true,"href":"https:\/\/www.mariarosabuxarrais.com\/ca\/wp-json\/wp\/v2\/comments?post=1779"}],"version-history":[{"count":4,"href":"https:\/\/www.mariarosabuxarrais.com\/ca\/wp-json\/wp\/v2\/posts\/1779\/revisions"}],"predecessor-version":[{"id":1784,"href":"https:\/\/www.mariarosabuxarrais.com\/ca\/wp-json\/wp\/v2\/posts\/1779\/revisions\/1784"}],"wp:attachment":[{"href":"https:\/\/www.mariarosabuxarrais.com\/ca\/wp-json\/wp\/v2\/media?parent=1779"}],"wp:term":[{"taxonomy":"category","embeddable":true,"href":"https:\/\/www.mariarosabuxarrais.com\/ca\/wp-json\/wp\/v2\/categories?post=1779"},{"taxonomy":"post_tag","embeddable":true,"href":"https:\/\/www.mariarosabuxarrais.com\/ca\/wp-json\/wp\/v2\/tags?post=1779"}],"curies":[{"name":"wp","href":"https:\/\/api.w.org\/{rel}","templated":true}]}}