{"id":1768,"date":"2021-03-03T17:51:27","date_gmt":"2021-03-03T16:51:27","guid":{"rendered":"https:\/\/www.mariarosabuxarrais.com\/?p=1768"},"modified":"2021-03-06T20:14:51","modified_gmt":"2021-03-06T19:14:51","slug":"maria-rosa-buxarrais-nueva-directora-del-instituto-de-desarrollo-profesional-de-la-ub","status":"publish","type":"post","link":"https:\/\/www.mariarosabuxarrais.com\/ca\/2021\/03\/03\/maria-rosa-buxarrais-nueva-directora-del-instituto-de-desarrollo-profesional-de-la-ub\/","title":{"rendered":"Maria Rosa Buxarrais, nova directora de l&#8217;Institut de Desenvolupament Professional de la UB"},"content":{"rendered":"<p><\/p>\n<p style=\"text-align: justify;\"><a href=\"https:\/\/www.mariarosabuxarrais.com\/wp-content\/uploads\/MRB-IDC.jpg\" data-rel=\"lightbox-image-1\" data-imagelightbox=\"1\" data-rl_title=\"\" data-rl_caption=\"\" title=\"\"><img loading=\"lazy\" decoding=\"async\" class=\"alignleft size-medium wp-image-1769\" src=\"https:\/\/www.mariarosabuxarrais.com\/wp-content\/uploads\/MRB-IDC-225x300.jpg\" alt=\"Foto en el Instituto\" width=\"225\" height=\"300\" srcset=\"https:\/\/www.mariarosabuxarrais.com\/wp-content\/uploads\/MRB-IDC-225x300.jpg 225w, https:\/\/www.mariarosabuxarrais.com\/wp-content\/uploads\/MRB-IDC.jpg 400w\" sizes=\"auto, (max-width: 225px) 100vw, 225px\" \/><\/a>Aquest mes Maria Rosa Buxarrais, despr\u00e9s de guanyar les eleccions, ha estat nomenada oficialment directora de l&#8217;Institut de Desarrrollo Professional \/ Institut de Ci\u00e8ncies de l&#8217;Educaci\u00f3.<\/p>\n<p style=\"text-align: justify;\">El seu equip estar\u00e0 format per Teresa Pag\u00e8s (cap de la Secci\u00f3 d&#8217;Universitat), Llu\u00eds Casas (cap de la Secci\u00f3 d&#8217;Educaci\u00f3 Infantil, Prim\u00e0ria, Secund\u00e0ria i Formaci\u00f3 Professional), Asun Llena (cap de la Secci\u00f3 d&#8217;Educaci\u00f3 i Comunitat) i Merc\u00e8 Gracenea (cap de la Secci\u00f3 de Publicacions), que continuen en els seus c\u00e0rrecs de la legislatura passada, i Roser Bono, que s&#8217;incorpora com a cap de la Secci\u00f3 d&#8217;Investigaci\u00f3.<\/p>\n<p><\/p>","protected":false},"excerpt":{"rendered":"<p>Aquest mes Maria Rosa Buxarrais, despr\u00e9s de guanyar les eleccions, ha estat nomenada oficialment directora de l&#8217;Institut de Desarrrollo Professional \/ Institut de Ci\u00e8ncies de l&#8217;Educaci\u00f3. El seu equip estar\u00e0 format per Teresa Pag\u00e8s (cap de la Secci\u00f3 d&#8217;Universitat), Llu\u00eds Casas (cap de la Secci\u00f3 d&#8217;Educaci\u00f3 Infantil, Prim\u00e0ria, Secund\u00e0ria i Formaci\u00f3 Professional), Asun Llena (cap [&hellip;]<\/p>\n","protected":false},"author":2,"featured_media":0,"comment_status":"closed","ping_status":"closed","sticky":false,"template":"","format":"standard","meta":{"footnotes":""},"categories":[31],"tags":[],"class_list":["post-1768","post","type-post","status-publish","format-standard","hentry","category-prensa"],"_links":{"self":[{"href":"https:\/\/www.mariarosabuxarrais.com\/ca\/wp-json\/wp\/v2\/posts\/1768","targetHints":{"allow":["GET"]}}],"collection":[{"href":"https:\/\/www.mariarosabuxarrais.com\/ca\/wp-json\/wp\/v2\/posts"}],"about":[{"href":"https:\/\/www.mariarosabuxarrais.com\/ca\/wp-json\/wp\/v2\/types\/post"}],"author":[{"embeddable":true,"href":"https:\/\/www.mariarosabuxarrais.com\/ca\/wp-json\/wp\/v2\/users\/2"}],"replies":[{"embeddable":true,"href":"https:\/\/www.mariarosabuxarrais.com\/ca\/wp-json\/wp\/v2\/comments?post=1768"}],"version-history":[{"count":4,"href":"https:\/\/www.mariarosabuxarrais.com\/ca\/wp-json\/wp\/v2\/posts\/1768\/revisions"}],"predecessor-version":[{"id":1773,"href":"https:\/\/www.mariarosabuxarrais.com\/ca\/wp-json\/wp\/v2\/posts\/1768\/revisions\/1773"}],"wp:attachment":[{"href":"https:\/\/www.mariarosabuxarrais.com\/ca\/wp-json\/wp\/v2\/media?parent=1768"}],"wp:term":[{"taxonomy":"category","embeddable":true,"href":"https:\/\/www.mariarosabuxarrais.com\/ca\/wp-json\/wp\/v2\/categories?post=1768"},{"taxonomy":"post_tag","embeddable":true,"href":"https:\/\/www.mariarosabuxarrais.com\/ca\/wp-json\/wp\/v2\/tags?post=1768"}],"curies":[{"name":"wp","href":"https:\/\/api.w.org\/{rel}","templated":true}]}}