{"id":1702,"date":"2020-08-01T16:24:48","date_gmt":"2020-08-01T14:24:48","guid":{"rendered":"https:\/\/www.mariarosabuxarrais.com\/?p=1702"},"modified":"2021-01-18T21:20:50","modified_gmt":"2021-01-18T20:20:50","slug":"nuevo-libro-publicado","status":"publish","type":"post","link":"https:\/\/www.mariarosabuxarrais.com\/ca\/2020\/08\/01\/nuevo-libro-publicado\/","title":{"rendered":"Nou llibre publicat"},"content":{"rendered":"<p><\/p>\n<p style=\"text-align: justify;\"><a href=\"https:\/\/www.mariarosabuxarrais.com\/wp-content\/uploads\/Portada-1.jpg\" data-rel=\"lightbox-image-0\" data-imagelightbox=\"0\" data-rl_title=\"\" data-rl_caption=\"\" title=\"\"><img loading=\"lazy\" decoding=\"async\" class=\"alignleft size-medium wp-image-1703\" src=\"https:\/\/www.mariarosabuxarrais.com\/wp-content\/uploads\/Portada-1-213x300.jpg\" alt=\"Portada\" width=\"213\" height=\"300\" srcset=\"https:\/\/www.mariarosabuxarrais.com\/wp-content\/uploads\/Portada-1-213x300.jpg 213w, https:\/\/www.mariarosabuxarrais.com\/wp-content\/uploads\/Portada-1.jpg 450w\" sizes=\"auto, (max-width: 213px) 100vw, 213px\" \/><\/a><br \/>\nS&#8217;ha publicat recentment a l&#8217;editorial Lisermed el llibre &#8220;\u00c8tica aplicada a l&#8217;odontologia&#8221;, escrit pels doctors Josep M. Ustrell Torrent i Maria Rosa Buxarrais Estrada amb pr\u00f2legs de Dr. Jos\u00e9 Carles de la Macorra (Deg\u00e0 de la Facultat d&#8217;Odontologia Universitat Complutense de Madrid) i de Dr. Llu\u00eds Cabellol Angelats (Professor titular de la Universitat de Barcelona).<\/p>\n<p style=\"text-align: justify;\">es pot trobar tota la informaci\u00f3 de el llibre <a href=\"https:\/\/lisermed.com\/tienda\/implantologia\/etica-aplicada-a-la-odontologia-josep-m-ustrell-maria-rosa-buxarrais\/\" target=\"_blank\" rel=\"noopener noreferrer\">al lloc web de l&#8217;editorial<\/a>, on tamb\u00e9 pot comprar-se el llibre.<\/p>\n<p>&nbsp;<\/p>\n<blockquote><p><strong>\u00cdndex<\/strong><\/p>\n<p>Cap\u00edtulo I. Deontolog\u00eda profesional<\/p>\n<p>1. \u00c9tica y moral<br \/>\n2. Criterios para la reflexi\u00f3n \u00e9tica en el ejercicio de la profesi\u00f3n<br \/>\n3. El acto sanitario<br \/>\n4. La necesidad de un c\u00f3digo deontol\u00f3gico<br \/>\n5. C\u00f3digos de la actividad cl\u00ednica<br \/>\n5.1. Protocolos del comportamiento \u00e9tico en salud<br \/>\n5.2. Principios \u00e9ticos de Popper<br \/>\n5.3. Rol de las academias y de los colegios profesionales<\/p>\n<p>Cap\u00edtulo II. Reflexi\u00f3n \u00e9tica<\/p>\n<p>1. Estableciendo puentes entre humanidades y ciencias de la salud<br \/>\n2. La interacci\u00f3n dentista \u2013 paciente<\/p>\n<p>Cap\u00edtulo III. Transferencia de la informaci\u00f3n y toma de decisiones<\/p>\n<p>1. Historia cl\u00ednica1.1. Nuestra actitud<br \/>\n1.1. Importancia de la comunicaci\u00f3n<br \/>\n1.2. Aspectos legales de la Historia Cl\u00ednica<br \/>\n1.3. Nuestra aptitud<br \/>\n1.4. Importancia del conocimiento<br \/>\n2. Secuelas en la toma de decisiones<br \/>\n2.1. Estr\u00e9s profesional o Burnout<br \/>\n2.2. Yatrogenia<\/p>\n<p>Cap\u00edtulo IV. Camino hacia el humanismo<\/p>\n<p>1. Acogida y seguridad<br \/>\n2. Formaci\u00f3n en valores<br \/>\n3. Dimensi\u00f3n \u00e9tica de la investigaci\u00f3n odontol\u00f3gica<\/p>\n<p>Cap\u00edtulo V. Propuesta de recomendaciones<\/p>\n<p>1. Dec\u00e1logo de la \u00e9tica en odontolog\u00eda<br \/>\n2. Decisiones cl\u00ednicas<br \/>\n3. Conflictos \u00e9ticos<br \/>\n4. Toma de decisiones \u00e9ticas en odontolog\u00eda<\/p>\n<p>Cap\u00edtulo VI. Dimensi\u00f3n \u00e9tica de las empresas del sector<\/p>\n<p>1. Empresas<br \/>\n2. Relaci\u00f3n con la investigaci\u00f3n<\/p>\n<p>Cap\u00edtulo VII. \u00bfQu\u00e9 nos depara el futuro?<\/p>\n<p>1. Mirando hacia el futuro: la \u00e9tica y las nuevas tecnolog\u00edas<br \/>\n2. Transhumanismo<br \/>\n3. La ense\u00f1anza universitaria en los pr\u00f3ximos a\u00f1os<\/p>\n<p>Bibliograf\u00eda<\/p><\/blockquote>\n<p><\/p>","protected":false},"excerpt":{"rendered":"<p>S&#8217;ha publicat recentment a l&#8217;editorial Lisermed el llibre &#8220;\u00c8tica aplicada a l&#8217;odontologia&#8221;, escrit pels doctors Josep M. Ustrell Torrent i Maria Rosa Buxarrais Estrada amb pr\u00f2legs de Dr. Jos\u00e9 Carles de la Macorra (Deg\u00e0 de la Facultat d&#8217;Odontologia Universitat Complutense de Madrid) i de Dr. Llu\u00eds Cabellol Angelats (Professor titular de la Universitat de Barcelona). [&hellip;]<\/p>\n","protected":false},"author":2,"featured_media":0,"comment_status":"closed","ping_status":"closed","sticky":false,"template":"","format":"standard","meta":{"footnotes":""},"categories":[9],"tags":[],"class_list":["post-1702","post","type-post","status-publish","format-standard","hentry","category-nuevas-publicaciones"],"_links":{"self":[{"href":"https:\/\/www.mariarosabuxarrais.com\/ca\/wp-json\/wp\/v2\/posts\/1702","targetHints":{"allow":["GET"]}}],"collection":[{"href":"https:\/\/www.mariarosabuxarrais.com\/ca\/wp-json\/wp\/v2\/posts"}],"about":[{"href":"https:\/\/www.mariarosabuxarrais.com\/ca\/wp-json\/wp\/v2\/types\/post"}],"author":[{"embeddable":true,"href":"https:\/\/www.mariarosabuxarrais.com\/ca\/wp-json\/wp\/v2\/users\/2"}],"replies":[{"embeddable":true,"href":"https:\/\/www.mariarosabuxarrais.com\/ca\/wp-json\/wp\/v2\/comments?post=1702"}],"version-history":[{"count":3,"href":"https:\/\/www.mariarosabuxarrais.com\/ca\/wp-json\/wp\/v2\/posts\/1702\/revisions"}],"predecessor-version":[{"id":1757,"href":"https:\/\/www.mariarosabuxarrais.com\/ca\/wp-json\/wp\/v2\/posts\/1702\/revisions\/1757"}],"wp:attachment":[{"href":"https:\/\/www.mariarosabuxarrais.com\/ca\/wp-json\/wp\/v2\/media?parent=1702"}],"wp:term":[{"taxonomy":"category","embeddable":true,"href":"https:\/\/www.mariarosabuxarrais.com\/ca\/wp-json\/wp\/v2\/categories?post=1702"},{"taxonomy":"post_tag","embeddable":true,"href":"https:\/\/www.mariarosabuxarrais.com\/ca\/wp-json\/wp\/v2\/tags?post=1702"}],"curies":[{"name":"wp","href":"https:\/\/api.w.org\/{rel}","templated":true}]}}