{"id":1659,"date":"2019-12-15T19:36:09","date_gmt":"2019-12-15T18:36:09","guid":{"rendered":"https:\/\/www.mariarosabuxarrais.com\/?p=1659"},"modified":"2020-01-26T20:07:34","modified_gmt":"2020-01-26T19:07:34","slug":"congreso-ame-2019","status":"publish","type":"post","link":"https:\/\/www.mariarosabuxarrais.com\/ca\/2019\/12\/15\/congreso-ame-2019\/","title":{"rendered":"Congr\u00e9s AME 2019"},"content":{"rendered":"<p><\/p>\n<p style=\"text-align: justify;\">El passat mes de novembre, la Dra Buxarrais va participar en el <a href=\"https:\/\/ame2019com.wordpress.com\/invited-speakers\/\" target=\"_blank\" rel=\"noopener noreferrer\">45 Congr\u00e9s Anual de l&#8217;Association for Moral Education<\/a>, que va tenir lloc a Seattle (EEUU) amb el t\u00edtol &#8220;Morality and Ethics in the Digital World&#8221;.<\/p>\n<p style=\"text-align: justify;\">El t\u00edtol de la seva comunicaci\u00f3 va ser <em>Measuring Ethical Sensitivity of students at the University of Barcelona<\/em>, \u200b\u200ben col\u00b7laboraci\u00f3 amb Josep M. Ustrell, de l&#8217;Escola d&#8217;Odontologia de la Universitat de Barcelona. Aquest \u00e9s el resum:<\/p>\n<p style=\"text-align: justify;\"><em><a href=\"https:\/\/www.mariarosabuxarrais.com\/wp-content\/uploads\/2019-11-09-AME19.jpg\" data-rel=\"lightbox-image-0\" data-imagelightbox=\"0\" data-rl_title=\"\" data-rl_caption=\"\" title=\"\"><img loading=\"lazy\" decoding=\"async\" class=\"alignleft size-medium wp-image-1660\" src=\"https:\/\/www.mariarosabuxarrais.com\/wp-content\/uploads\/2019-11-09-AME19-278x300.jpg\" alt=\"Becarios y Dra Buxarrais\" width=\"278\" height=\"300\" srcset=\"https:\/\/www.mariarosabuxarrais.com\/wp-content\/uploads\/2019-11-09-AME19-278x300.jpg 278w, https:\/\/www.mariarosabuxarrais.com\/wp-content\/uploads\/2019-11-09-AME19.jpg 574w\" sizes=\"auto, (max-width: 278px) 100vw, 278px\" \/><\/a>Aquest estudi examina la sensibilitat \u00e8tica dels estudiants universitaris de dues carreres: Educaci\u00f3 i Odontologia. Hem fet servir una versi\u00f3 adaptada al context de l&#8217;Q\u00fcestionari d&#8217;Escala de Sensibilitat \u00c8tica (ESSQ) (Tirri &amp; Nakelaine, 2011). L&#8217;escala va ser presentada a una mostra de 187 estudiants d&#8217;Educaci\u00f3 i a 58 d&#8217;Odontologia, de primer i \u00faltim any de carrera. Es va utilitzar un disseny quantitatiu transversal. Es van recollir dades en dues ocasions, en el primer i el quart any de carrera<\/em>.<\/p>\n<p style=\"text-align: justify;\">Tamb\u00e9 van presentar els seus treballs de tesi dos dels becaris de el Grup de recerca en Educaci\u00f3 Moral (GREM) que dirigeix \u200b\u200bla Dra. Buxarrais, Eric Ortega i Laura Fontan (a la foto).<\/p>\n<p style=\"text-align: justify;\">Aix\u00ed mateix, la Dra. Buxarrais va ser oficialment nomenada en aquest congr\u00e9s com Chair de l&#8217;Good Work Award Committee de l&#8217;<a href=\"https:\/\/www.amenetwork.org\/board-members-and-standing-and-ad-hoc-and-award-committees\" target=\"_blank\" rel=\"noopener noreferrer\">Association for Moral Education<\/a>, en la qual figura com a membre electe de l&#8217;Comit\u00e8 Executiu des de 2015.<\/p>\n<p><\/p>","protected":false},"excerpt":{"rendered":"<p>El passat mes de novembre, la Dra Buxarrais va participar en el 45 Congr\u00e9s Anual de l&#8217;Association for Moral Education, que va tenir lloc a Seattle (EEUU) amb el t\u00edtol &#8220;Morality and Ethics in the Digital World&#8221;. El t\u00edtol de la seva comunicaci\u00f3 va ser Measuring Ethical Sensitivity of students at the University of Barcelona, [&hellip;]<\/p>\n","protected":false},"author":2,"featured_media":0,"comment_status":"closed","ping_status":"closed","sticky":false,"template":"","format":"standard","meta":{"footnotes":""},"categories":[23],"tags":[],"class_list":["post-1659","post","type-post","status-publish","format-standard","hentry","category-conferencias"],"_links":{"self":[{"href":"https:\/\/www.mariarosabuxarrais.com\/ca\/wp-json\/wp\/v2\/posts\/1659","targetHints":{"allow":["GET"]}}],"collection":[{"href":"https:\/\/www.mariarosabuxarrais.com\/ca\/wp-json\/wp\/v2\/posts"}],"about":[{"href":"https:\/\/www.mariarosabuxarrais.com\/ca\/wp-json\/wp\/v2\/types\/post"}],"author":[{"embeddable":true,"href":"https:\/\/www.mariarosabuxarrais.com\/ca\/wp-json\/wp\/v2\/users\/2"}],"replies":[{"embeddable":true,"href":"https:\/\/www.mariarosabuxarrais.com\/ca\/wp-json\/wp\/v2\/comments?post=1659"}],"version-history":[{"count":1,"href":"https:\/\/www.mariarosabuxarrais.com\/ca\/wp-json\/wp\/v2\/posts\/1659\/revisions"}],"predecessor-version":[{"id":1661,"href":"https:\/\/www.mariarosabuxarrais.com\/ca\/wp-json\/wp\/v2\/posts\/1659\/revisions\/1661"}],"wp:attachment":[{"href":"https:\/\/www.mariarosabuxarrais.com\/ca\/wp-json\/wp\/v2\/media?parent=1659"}],"wp:term":[{"taxonomy":"category","embeddable":true,"href":"https:\/\/www.mariarosabuxarrais.com\/ca\/wp-json\/wp\/v2\/categories?post=1659"},{"taxonomy":"post_tag","embeddable":true,"href":"https:\/\/www.mariarosabuxarrais.com\/ca\/wp-json\/wp\/v2\/tags?post=1659"}],"curies":[{"name":"wp","href":"https:\/\/api.w.org\/{rel}","templated":true}]}}