{"id":1623,"date":"2018-11-28T00:50:06","date_gmt":"2018-11-27T23:50:06","guid":{"rendered":"https:\/\/www.mariarosabuxarrais.com\/?p=1623"},"modified":"2019-05-20T18:27:47","modified_gmt":"2019-05-20T16:27:47","slug":"congreso-ame-2018-en-imagenes","status":"publish","type":"post","link":"https:\/\/www.mariarosabuxarrais.com\/ca\/2018\/11\/28\/congreso-ame-2018-en-imagenes\/","title":{"rendered":"Congreso AME 2018 en im\u00e1genes"},"content":{"rendered":"<figure class=\"wp-block-image\"><img loading=\"lazy\" decoding=\"async\" width=\"800\" height=\"533\" class=\"wp-image-1624\" src=\"https:\/\/www.mariarosabuxarrais.com\/wp-content\/uploads\/AME2018-01-Participantes-2018-11-08.jpg\" alt=\"Participantes en AME 2018\" srcset=\"https:\/\/www.mariarosabuxarrais.com\/wp-content\/uploads\/AME2018-01-Participantes-2018-11-08.jpg 800w, https:\/\/www.mariarosabuxarrais.com\/wp-content\/uploads\/AME2018-01-Participantes-2018-11-08-300x200.jpg 300w, https:\/\/www.mariarosabuxarrais.com\/wp-content\/uploads\/AME2018-01-Participantes-2018-11-08-768x512.jpg 768w, https:\/\/www.mariarosabuxarrais.com\/wp-content\/uploads\/AME2018-01-Participantes-2018-11-08-624x416.jpg 624w\" sizes=\"auto, (max-width: 800px) 100vw, 800px\" \/><span class=\"tlid-translation translation\"><span title=\"\">Inauguraci\u00f3 del<\/span> <span title=\"\">congr\u00e9s<\/span> <span title=\"\">al Paranimf<\/span> <span title=\"\">de la Universitat<\/span> <span title=\"\">de Barcelona, amb<\/span> <span title=\"\">400<\/span> <span title=\"\">participants<\/span> <span title=\"\">de 48 pa\u00efsos<\/span> <span title=\"\">(<\/span><span class=\"\" title=\"\">2018.11.08<\/span><span class=\"\" title=\"\">)<\/span><\/span><\/figure>\r\n\r\n<p>&nbsp;<\/p>\r\n\r\n<figure class=\"wp-block-image\"><img loading=\"lazy\" decoding=\"async\" width=\"800\" height=\"533\" class=\"wp-image-1625\" src=\"https:\/\/www.mariarosabuxarrais.com\/wp-content\/uploads\/AME2018-02-Mesa-inaugur-2018-11-08.jpg\" alt=\"Mesa inaugural AME 2018\" srcset=\"https:\/\/www.mariarosabuxarrais.com\/wp-content\/uploads\/AME2018-02-Mesa-inaugur-2018-11-08.jpg 800w, https:\/\/www.mariarosabuxarrais.com\/wp-content\/uploads\/AME2018-02-Mesa-inaugur-2018-11-08-300x200.jpg 300w, https:\/\/www.mariarosabuxarrais.com\/wp-content\/uploads\/AME2018-02-Mesa-inaugur-2018-11-08-768x512.jpg 768w, https:\/\/www.mariarosabuxarrais.com\/wp-content\/uploads\/AME2018-02-Mesa-inaugur-2018-11-08-624x416.jpg 624w\" sizes=\"auto, (max-width: 800px) 100vw, 800px\" \/>\r\n<figcaption>Parte de la Mesa de inauguraci\u00f3n de AME 2018. De izqda a dcha: Dr. Ernest Pons, Vicerrector de Comunicaci\u00f3n y Coordinaci\u00f3n de la Universidad de Barcelona, Dra Buxararris, co-chair de AME 2018 y D. Jaume For\u00e9s i Llasat, Responsable del Programa de Civismo y Valores de la Direcci\u00f3n General de Acci\u00f3n C\u00edvica y Comunitaria de la Generalitat de Catalu\u00f1a.<\/figcaption>\r\n<\/figure>\r\n\r\n<p>&nbsp;<\/p>\r\n\r\n<figure class=\"wp-block-image\"><img loading=\"lazy\" decoding=\"async\" width=\"715\" height=\"535\" class=\"wp-image-1626\" src=\"https:\/\/www.mariarosabuxarrais.com\/wp-content\/uploads\/AME2018-03-Acto-de-premios-2018-11-09.jpg\" alt=\"Acto de entrega de premios\" srcset=\"https:\/\/www.mariarosabuxarrais.com\/wp-content\/uploads\/AME2018-03-Acto-de-premios-2018-11-09.jpg 715w, https:\/\/www.mariarosabuxarrais.com\/wp-content\/uploads\/AME2018-03-Acto-de-premios-2018-11-09-300x224.jpg 300w, https:\/\/www.mariarosabuxarrais.com\/wp-content\/uploads\/AME2018-03-Acto-de-premios-2018-11-09-624x467.jpg 624w\" sizes=\"auto, (max-width: 715px) 100vw, 715px\" \/>\r\n<figcaption>Acto de entrega de premios. De izda a dcha, de adelante a atr\u00e1s: Dr. Ulisses Ara\u00fajo, miembro del Comit\u00e9 Ejecutivo de la Association for Moral Education; Dra. Buxarrais, co-chair del congreso; Dr. Josep Puig y Dr. Miquel Mart\u00ednez (09 &#8211; 11 &#8211; 2018)..<\/figcaption>\r\n<\/figure>\r\n\r\n<p>&nbsp;<\/p>\r\n\r\n<figure class=\"wp-block-image\"><img loading=\"lazy\" decoding=\"async\" width=\"788\" height=\"645\" class=\"wp-image-1627\" src=\"https:\/\/www.mariarosabuxarrais.com\/wp-content\/uploads\/AME2018-07-Awards4-09-11-2018.jpg\" alt=\"Best Poster Award\" srcset=\"https:\/\/www.mariarosabuxarrais.com\/wp-content\/uploads\/AME2018-07-Awards4-09-11-2018.jpg 788w, https:\/\/www.mariarosabuxarrais.com\/wp-content\/uploads\/AME2018-07-Awards4-09-11-2018-300x246.jpg 300w, https:\/\/www.mariarosabuxarrais.com\/wp-content\/uploads\/AME2018-07-Awards4-09-11-2018-768x629.jpg 768w, https:\/\/www.mariarosabuxarrais.com\/wp-content\/uploads\/AME2018-07-Awards4-09-11-2018-624x511.jpg 624w\" sizes=\"auto, (max-width: 788px) 100vw, 788px\" \/>\r\n<figcaption>&#8220;Best Poster Award&#8221;. De izda a dcha: Dra. Kaye Cook, Presidenta de la Association for Moral Education; Dra Buxarrais, co-chair del congreso y Annalise Hoopes, la investigadora premiada.<\/figcaption>\r\n<\/figure>\r\n\r\n<p>&nbsp;<\/p>\r\n\r\n<figure class=\"wp-block-image\"><img loading=\"lazy\" decoding=\"async\" width=\"885\" height=\"626\" class=\"wp-image-1628\" src=\"https:\/\/www.mariarosabuxarrais.com\/wp-content\/uploads\/AME2018-06-Awards3-09-11-2018.jpg\" alt=\"Good Work Award\" srcset=\"https:\/\/www.mariarosabuxarrais.com\/wp-content\/uploads\/AME2018-06-Awards3-09-11-2018.jpg 885w, https:\/\/www.mariarosabuxarrais.com\/wp-content\/uploads\/AME2018-06-Awards3-09-11-2018-300x212.jpg 300w, https:\/\/www.mariarosabuxarrais.com\/wp-content\/uploads\/AME2018-06-Awards3-09-11-2018-768x543.jpg 768w, https:\/\/www.mariarosabuxarrais.com\/wp-content\/uploads\/AME2018-06-Awards3-09-11-2018-624x441.jpg 624w\" sizes=\"auto, (max-width: 885px) 100vw, 885px\" \/>\r\n<figcaption>&#8220;Good Work Award&#8221; al Grup de Recerca en Educaci\u00f3 Moral (GREM). En la foto, el Equipo Directivo. De izqda a dcha: Dra Maria Rosa Buxarrais (IP), Dr. Josep Puig, Dra. Xus Mart\u00edn, Dr. Miquel Mart\u00ednez, Dr. Jaume Trilla y Dra. Montserrat Pay\u00e0.<\/figcaption>\r\n<\/figure>\r\n\r\n<p>&nbsp;<\/p>\r\n\r\n<figure class=\"wp-block-image\"><img loading=\"lazy\" decoding=\"async\" width=\"772\" height=\"649\" class=\"wp-image-1629\" src=\"https:\/\/www.mariarosabuxarrais.com\/wp-content\/uploads\/AME2018-05-Awards2-09-11-2018.jpg\" alt=\"Lisa Kurmerker Award\" srcset=\"https:\/\/www.mariarosabuxarrais.com\/wp-content\/uploads\/AME2018-05-Awards2-09-11-2018.jpg 772w, https:\/\/www.mariarosabuxarrais.com\/wp-content\/uploads\/AME2018-05-Awards2-09-11-2018-300x252.jpg 300w, https:\/\/www.mariarosabuxarrais.com\/wp-content\/uploads\/AME2018-05-Awards2-09-11-2018-768x646.jpg 768w, https:\/\/www.mariarosabuxarrais.com\/wp-content\/uploads\/AME2018-05-Awards2-09-11-2018-624x525.jpg 624w\" sizes=\"auto, (max-width: 772px) 100vw, 772px\" \/>\r\n<figcaption>&#8220;Lisa Kurmerker Award&#8221;. De izqda a dcha: Dr. Fritz Oser, Dra. Maria Rosa Buxarrais; la ganadora del premio, Dra. Sharon Lamb; Dra. Ann Higgins d&#8217;Alessandro y Dra. Kaye Cook. <\/figcaption>\r\n<\/figure>\r\n\r\n<p>&nbsp;<\/p>\r\n\r\n<figure class=\"wp-block-image\"><img loading=\"lazy\" decoding=\"async\" width=\"719\" height=\"656\" class=\"wp-image-1630\" src=\"https:\/\/www.mariarosabuxarrais.com\/wp-content\/uploads\/AME2018-04-Awards1-09-11-2018.jpg\" alt=\"Best Dissertation Award\" srcset=\"https:\/\/www.mariarosabuxarrais.com\/wp-content\/uploads\/AME2018-04-Awards1-09-11-2018.jpg 719w, https:\/\/www.mariarosabuxarrais.com\/wp-content\/uploads\/AME2018-04-Awards1-09-11-2018-300x274.jpg 300w, https:\/\/www.mariarosabuxarrais.com\/wp-content\/uploads\/AME2018-04-Awards1-09-11-2018-624x569.jpg 624w\" sizes=\"auto, (max-width: 719px) 100vw, 719px\" \/>\r\n<figcaption>&#8220;Best Dissertation Award&#8221;. De izqda a dcha: Dra Kaye Cook; el premiado, Dr. Hyemin Han y Dra Maria Rosa Buxarrais.<\/figcaption>\r\n<\/figure>","protected":false},"excerpt":{"rendered":"<p>&nbsp; &nbsp; &nbsp; &nbsp; &nbsp; &nbsp;<\/p>\n","protected":false},"author":2,"featured_media":0,"comment_status":"closed","ping_status":"closed","sticky":false,"template":"","format":"standard","meta":{"footnotes":""},"categories":[23],"tags":[],"class_list":["post-1623","post","type-post","status-publish","format-standard","hentry","category-conferencias"],"_links":{"self":[{"href":"https:\/\/www.mariarosabuxarrais.com\/ca\/wp-json\/wp\/v2\/posts\/1623","targetHints":{"allow":["GET"]}}],"collection":[{"href":"https:\/\/www.mariarosabuxarrais.com\/ca\/wp-json\/wp\/v2\/posts"}],"about":[{"href":"https:\/\/www.mariarosabuxarrais.com\/ca\/wp-json\/wp\/v2\/types\/post"}],"author":[{"embeddable":true,"href":"https:\/\/www.mariarosabuxarrais.com\/ca\/wp-json\/wp\/v2\/users\/2"}],"replies":[{"embeddable":true,"href":"https:\/\/www.mariarosabuxarrais.com\/ca\/wp-json\/wp\/v2\/comments?post=1623"}],"version-history":[{"count":5,"href":"https:\/\/www.mariarosabuxarrais.com\/ca\/wp-json\/wp\/v2\/posts\/1623\/revisions"}],"predecessor-version":[{"id":1638,"href":"https:\/\/www.mariarosabuxarrais.com\/ca\/wp-json\/wp\/v2\/posts\/1623\/revisions\/1638"}],"wp:attachment":[{"href":"https:\/\/www.mariarosabuxarrais.com\/ca\/wp-json\/wp\/v2\/media?parent=1623"}],"wp:term":[{"taxonomy":"category","embeddable":true,"href":"https:\/\/www.mariarosabuxarrais.com\/ca\/wp-json\/wp\/v2\/categories?post=1623"},{"taxonomy":"post_tag","embeddable":true,"href":"https:\/\/www.mariarosabuxarrais.com\/ca\/wp-json\/wp\/v2\/tags?post=1623"}],"curies":[{"name":"wp","href":"https:\/\/api.w.org\/{rel}","templated":true}]}}