{"id":1367,"date":"2018-04-18T23:55:56","date_gmt":"2018-04-18T21:55:56","guid":{"rendered":"http:\/\/www.mariarosabuxarrais.com\/?p=1367"},"modified":"2018-09-04T23:42:56","modified_gmt":"2018-09-04T21:42:56","slug":"libro2018-mrb-ivf","status":"publish","type":"post","link":"https:\/\/www.mariarosabuxarrais.com\/ca\/2018\/04\/18\/libro2018-mrb-ivf\/","title":{"rendered":"Nou llibre publicat: &#8220;Una mirada femenina de la educaci\u00f3n moral&#8221;"},"content":{"rendered":"<p><\/p>\n<p style=\"text-align: justify;\"><a href=\"https:\/\/www.mariarosabuxarrais.com\/wp-content\/uploads\/Libro2018.jpg\" data-rel=\"lightbox-image-0\" data-imagelightbox=\"0\" data-rl_title=\"\" data-rl_caption=\"\" title=\"\"><img loading=\"lazy\" decoding=\"async\" class=\"alignleft size-full wp-image-1369\" src=\"https:\/\/www.mariarosabuxarrais.com\/wp-content\/uploads\/Libro2018.jpg\" alt=\"Portada del libro\" width=\"320\" height=\"448\" \/><\/a><span id=\"result_box\" class=\"short_text\" lang=\"ca\">Acaba de sortir a la venda el <span class=\"\">llibre<\/span><\/span> &#8220;Una mirada femenina de la educaci\u00f3n moral&#8221;, coordinat per les professores de la Universitat de Barcelona Maria Rosa Buxarrais i Isabel Vilafranca i publicat per l&#8217;editorial Descl\u00e9e De Brouwer.<\/p>\n<p style=\"text-align: justify;\">Resum:<\/p>\n<p style=\"text-align: justify;\"><em>El siglo XX ha sido el siglo de las mujeres, no solo por la masiva incorporaci\u00f3n de la mujer al mercado laboral sino, tambi\u00e9n, por su visibilidad en la esfera p\u00fablica. La mujer ha dado un paso adelante, dejando de centrarse exclusivamente en la vida privada \u2013el cuidado de los menores, las personas dependientes y el hogar\u2013 y tomando cada vez mayor protagonismo en el escenario social, c\u00edvico, intelectual, en definitiva, p\u00fablico. Este fen\u00f3meno ha permitido gestar un nuevo paradigma pedag\u00f3gico mundial que, avalado por instituciones educativas internacionales, reclama una educaci\u00f3n para la igualdad.<\/em><\/p>\n<p style=\"text-align: justify;\"><em>Esta obra viene a cubrir varios vac\u00edos: por una parte, la necesidad de una antolog\u00eda pedag\u00f3gica de mujeres desde una sensibilidad femenina y, por otra, un homenaje a todas aquellas autoras que desde diferentes discursos, tiempos y espacios, han aportado cuestiones relevantes al \u00e1mbito de la Educaci\u00f3n Moral. Un libro que pretende hacer visible que los discursos sobre educaci\u00f3n moral no deben abordar \u00fanicamente una perspectiva de virtudes androc\u00e9ntricas o universalistas, sino incorporar nuevas formas de argumentaci\u00f3n moral que han quedado tradicionalmente desvalorizadas.<\/em><\/p>\n<p>L&#8217;\u00edndex inclou aquests temes, analitzats per les seg\u00fcents autores:<\/p>\n<p>&#8211; Pr\u00f2leg, por Marina Subirats.<br \/>\n&#8211; Introducci\u00f3, por Isabel Vilafranca i Maria Rosa Buxarrais.<br \/>\n&#8211; 01. Edith Stein, per Mar\u00eda Azevedo.<br \/>\n&#8211; 02. Mar\u00eda Zambrano, per Antonieta Carre\u00f1o.<br \/>\n&#8211; 03. Hannah Arendt, per Ingrid Agud i Ana Novella.<br \/>\n&#8211; 04. Astrid Lindgren, per N\u00faria Obiols.<br \/>\n&#8211; 05. Simone Weil, per Marta Burguet Arfelis.<br \/>\n&#8211; 06. Nel Noddings, per Maria Rosa Buxarrais i Melania Mu\u00f1oz.<br \/>\n&#8211; 07. Virginia Held, per Yolanda Montero i Maria Rosa Buxarrais.<br \/>\n&#8211; 08. Carol Gilligan, per Montserrat Pay\u00e0 S\u00e1nchez i Laura Rubio Serrano.<br \/>\n&#8211; 09. Victoria Camps, per Isabel Vilafranca.<br \/>\n&#8211; 10. Martha Nussbaum, per Am\u00e8lia Tey y Elena Noguera.<br \/>\n&#8211; 11. Amy Gutmann, per Ana Ayuste i Mariona Graell.<br \/>\n&#8211; 12. Seyla Benhabib, per M\u00f3nica Gij\u00f3n i Xus Mart\u00edn.<br \/>\n&#8211; 13. Judith Butler, per Raquel Cerc\u00f3s i Karina Rivas.<\/p>\n<p>Pot descarregu\u00e9s el pdf amb l&#8217;\u00edndex, pr\u00f2leg i introducci\u00f3 del llibre <a href=\"https:\/\/www.edesclee.com\/img\/cms\/pdfs\/9788433029751.pdf\" target=\"_blank\" rel=\"noopener\">aqu\u00ed.<\/a><\/p>\n<p>El llibre pot comprar-se en <a href=\"https:\/\/www.edesclee.com\/colecciones\/aprender-a-ser\/una-mirada-femenina\" target=\"_blank\" rel=\"noopener\">el lloc web de l&#8217;editorial<\/a>.<\/p>","protected":false},"excerpt":{"rendered":"<p>Acaba de sortir a la venda el llibre &#8220;Una mirada femenina de la educaci\u00f3n moral&#8221;, coordinat per les professores de la Universitat de Barcelona Maria Rosa Buxarrais i Isabel Vilafranca i publicat per l&#8217;editorial Descl\u00e9e De Brouwer. Resum: El siglo XX ha sido el siglo de las mujeres, no solo por la masiva incorporaci\u00f3n de [&hellip;]<\/p>\n","protected":false},"author":2,"featured_media":0,"comment_status":"closed","ping_status":"closed","sticky":false,"template":"","format":"standard","meta":{"footnotes":""},"categories":[9],"tags":[],"class_list":["post-1367","post","type-post","status-publish","format-standard","hentry","category-nuevas-publicaciones"],"_links":{"self":[{"href":"https:\/\/www.mariarosabuxarrais.com\/ca\/wp-json\/wp\/v2\/posts\/1367","targetHints":{"allow":["GET"]}}],"collection":[{"href":"https:\/\/www.mariarosabuxarrais.com\/ca\/wp-json\/wp\/v2\/posts"}],"about":[{"href":"https:\/\/www.mariarosabuxarrais.com\/ca\/wp-json\/wp\/v2\/types\/post"}],"author":[{"embeddable":true,"href":"https:\/\/www.mariarosabuxarrais.com\/ca\/wp-json\/wp\/v2\/users\/2"}],"replies":[{"embeddable":true,"href":"https:\/\/www.mariarosabuxarrais.com\/ca\/wp-json\/wp\/v2\/comments?post=1367"}],"version-history":[{"count":7,"href":"https:\/\/www.mariarosabuxarrais.com\/ca\/wp-json\/wp\/v2\/posts\/1367\/revisions"}],"predecessor-version":[{"id":1496,"href":"https:\/\/www.mariarosabuxarrais.com\/ca\/wp-json\/wp\/v2\/posts\/1367\/revisions\/1496"}],"wp:attachment":[{"href":"https:\/\/www.mariarosabuxarrais.com\/ca\/wp-json\/wp\/v2\/media?parent=1367"}],"wp:term":[{"taxonomy":"category","embeddable":true,"href":"https:\/\/www.mariarosabuxarrais.com\/ca\/wp-json\/wp\/v2\/categories?post=1367"},{"taxonomy":"post_tag","embeddable":true,"href":"https:\/\/www.mariarosabuxarrais.com\/ca\/wp-json\/wp\/v2\/tags?post=1367"}],"curies":[{"name":"wp","href":"https:\/\/api.w.org\/{rel}","templated":true}]}}