{"id":1160,"date":"2017-11-09T01:50:32","date_gmt":"2017-11-09T00:50:32","guid":{"rendered":"http:\/\/www.mariarosabuxarrais.com\/?p=1160"},"modified":"2017-12-06T21:20:05","modified_gmt":"2017-12-06T20:20:05","slug":"43-ame-conf","status":"publish","type":"post","link":"https:\/\/www.mariarosabuxarrais.com\/ca\/2017\/11\/09\/43-ame-conf\/","title":{"rendered":"Participaci\u00f3 en el 43 Congr\u00e9s de la Association for Moral Education Conference"},"content":{"rendered":"<p><\/p>\n<p style=\"text-align: justify;\">La Dra Buxarrais va participar en diverses activitats al Congr\u00e9s de l&#8217;AME, celebrat aquest any a St Louis, Missouri (USA), del 2 al 4 de novembre.<\/p>\n<p style=\"text-align: justify;\"><a href=\"https:\/\/www.mariarosabuxarrais.com\/wp-content\/uploads\/AME2017-1.jpg\" data-rel=\"lightbox-image-0\" data-imagelightbox=\"0\" data-rl_title=\"\" data-rl_caption=\"\" title=\"\"><img loading=\"lazy\" decoding=\"async\" class=\"alignleft size-medium wp-image-1166\" src=\"https:\/\/www.mariarosabuxarrais.com\/wp-content\/uploads\/AME2017-1-232x300.jpg\" alt=\"Maria Rosa en AME 2017\" width=\"232\" height=\"300\" srcset=\"https:\/\/www.mariarosabuxarrais.com\/wp-content\/uploads\/AME2017-1-232x300.jpg 232w, https:\/\/www.mariarosabuxarrais.com\/wp-content\/uploads\/AME2017-1.jpg 607w\" sizes=\"auto, (max-width: 232px) 100vw, 232px\" \/><\/a>Dijous, dia 2, va participar en el simposi &#8220;Teaching Common Values in Europe: Democracy and Tolerance in Education Policy and Practice in the EU Member States&#8221;, organitzat i coordinat per Wiel Veugelers, amb una comunicaci\u00f3 titulada &#8220;Case Study Spain: Revitalising Education for Citizenship&#8221;. Resum del simposi: &#8220;la Uni\u00f3 Europea sempre ha emfatitzat la import\u00e0ncia dels valors de democr\u00e0cia i toler\u00e0ncia per a Europa com a comunitat, aix\u00ed com per als seus estats membres. Aquesta investigaci\u00f3 se centra en les pol\u00edtiques d&#8217;ensenyament de valors comuns de democr\u00e0cia i toler\u00e0ncia en educaci\u00f3 secund\u00e0ria i en com aquesta pol\u00edtica s&#8217;implementa en la pr\u00e0ctica. A m\u00e9s, s&#8217;estudia com els professors, les comunitats locals i les ONG influeixen en l&#8217;ensenyament de valors comuns. Experts acad\u00e8mics de cada un dels 28 estats membre de la Uni\u00f3 Europea ha recollit dades de les pol\u00edtiques nacionals d&#8217;educaci\u00f3 formal. A m\u00e9s, en 12 estats membres s&#8217;han desenvolupat estudis detallats sobre el curr\u00edculum&#8221;.<\/p>\n<p style=\"text-align: justify;\">Dissabte, \u00faltim dia del congr\u00e9s, la Dra Buxarrais va participar en una sessi\u00f3 especial com a convidada d&#8217;un panell internacional coordinat per Ann Higgins d&#8217;Alessandro i Kaye Cook titulat &#8220;AME Collaborations: Ideas for Impacting International Moral Education&#8221;. L&#8217;objectiu d&#8217;aquest grup d&#8217;experts internacionals convidats era ressaltar les moltes \u00e0rees d&#8217;especialitzaci\u00f3 d&#8217;AME i refor\u00e7ar la seva reputaci\u00f3 global, potser alineant amb les prioritats governamentals o educatives en diferents pa\u00efsos. Despr\u00e9s de breus presentacions, es va deixar un temps considerable per contribucions del p\u00fablic.<\/p>\n<p style=\"text-align: justify;\">Finalment, la Dra Buxarrais va presentar oficialment a Saint Louis el que ser\u00e0 el 44 Congr\u00e9s d&#8217;AME, que tindr\u00e0 lloc a Barcelona, organitzat per ella i per la Dra Elena Noguera.<\/p>\n<p style=\"text-align: center;\"><a href=\"https:\/\/www.mariarosabuxarrais.com\/wp-content\/uploads\/AME2017-2.jpg\" data-rel=\"lightbox-image-1\" data-imagelightbox=\"1\" data-rl_title=\"\" data-rl_caption=\"\" title=\"\"><img loading=\"lazy\" decoding=\"async\" class=\"aligncenter size-medium wp-image-1167\" src=\"https:\/\/www.mariarosabuxarrais.com\/wp-content\/uploads\/AME2017-2-300x239.jpg\" alt=\"Dra Buxarrais con otros\" width=\"300\" height=\"239\" srcset=\"https:\/\/www.mariarosabuxarrais.com\/wp-content\/uploads\/AME2017-2-300x239.jpg 300w, https:\/\/www.mariarosabuxarrais.com\/wp-content\/uploads\/AME2017-2-768x611.jpg 768w, https:\/\/www.mariarosabuxarrais.com\/wp-content\/uploads\/AME2017-2.jpg 845w\" sizes=\"auto, (max-width: 300px) 100vw, 300px\" \/><\/a>Foto: Dra Balakrishnam (University of Malaya), Dr Berkowitz (University of Missouri-St. Louis), Dra Buxarrais (Universitat de Barcelona) i Dra Gross (The Hebrew University)<\/p>\n<p><\/p>","protected":false},"excerpt":{"rendered":"<p>La Dra Buxarrais va participar en diverses activitats al Congr\u00e9s de l&#8217;AME, celebrat aquest any a St Louis, Missouri (USA), del 2 al 4 de novembre. Dijous, dia 2, va participar en el simposi &#8220;Teaching Common Values in Europe: Democracy and Tolerance in Education Policy and Practice in the EU Member States&#8221;, organitzat i coordinat [&hellip;]<\/p>\n","protected":false},"author":2,"featured_media":0,"comment_status":"closed","ping_status":"closed","sticky":false,"template":"","format":"standard","meta":{"footnotes":""},"categories":[23],"tags":[],"class_list":["post-1160","post","type-post","status-publish","format-standard","hentry","category-conferencias"],"_links":{"self":[{"href":"https:\/\/www.mariarosabuxarrais.com\/ca\/wp-json\/wp\/v2\/posts\/1160","targetHints":{"allow":["GET"]}}],"collection":[{"href":"https:\/\/www.mariarosabuxarrais.com\/ca\/wp-json\/wp\/v2\/posts"}],"about":[{"href":"https:\/\/www.mariarosabuxarrais.com\/ca\/wp-json\/wp\/v2\/types\/post"}],"author":[{"embeddable":true,"href":"https:\/\/www.mariarosabuxarrais.com\/ca\/wp-json\/wp\/v2\/users\/2"}],"replies":[{"embeddable":true,"href":"https:\/\/www.mariarosabuxarrais.com\/ca\/wp-json\/wp\/v2\/comments?post=1160"}],"version-history":[{"count":9,"href":"https:\/\/www.mariarosabuxarrais.com\/ca\/wp-json\/wp\/v2\/posts\/1160\/revisions"}],"predecessor-version":[{"id":1172,"href":"https:\/\/www.mariarosabuxarrais.com\/ca\/wp-json\/wp\/v2\/posts\/1160\/revisions\/1172"}],"wp:attachment":[{"href":"https:\/\/www.mariarosabuxarrais.com\/ca\/wp-json\/wp\/v2\/media?parent=1160"}],"wp:term":[{"taxonomy":"category","embeddable":true,"href":"https:\/\/www.mariarosabuxarrais.com\/ca\/wp-json\/wp\/v2\/categories?post=1160"},{"taxonomy":"post_tag","embeddable":true,"href":"https:\/\/www.mariarosabuxarrais.com\/ca\/wp-json\/wp\/v2\/tags?post=1160"}],"curies":[{"name":"wp","href":"https:\/\/api.w.org\/{rel}","templated":true}]}}