{"id":1139,"date":"2017-09-25T20:34:36","date_gmt":"2017-09-25T18:34:36","guid":{"rendered":"http:\/\/www.mariarosabuxarrais.com\/?p=1139"},"modified":"2018-09-05T01:49:22","modified_gmt":"2018-09-04T23:49:22","slug":"23-09-2017-tv1","status":"publish","type":"post","link":"https:\/\/www.mariarosabuxarrais.com\/ca\/2017\/09\/25\/23-09-2017-tv1\/","title":{"rendered":"Entrevista a l&#8217;Informatiu Cap de Setmana de TVE1"},"content":{"rendered":"<p>Maria Rosa Buxarrais \u00e9s entrevistada en qualitat de Presidenta del Patronat del Tel\u00e8fon de l&#8217;Esperan\u00e7a a l&#8217;Informatiu Cap de Setmana de TVE1 el dia dissabte 23 de setembre.<\/p>\n<p>&nbsp;<\/p>\n<div align=\"center\"><iframe loading=\"lazy\" src=\"https:\/\/www.youtube-nocookie.com\/embed\/nTwa5sId9QQ?rel=0\" width=\"560\" height=\"315\" frameborder=\"0\" allowfullscreen=\"allowfullscreen\"><\/iframe><\/div>\n<p><\/p>","protected":false},"excerpt":{"rendered":"<p>Maria Rosa Buxarrais \u00e9s entrevistada en qualitat de Presidenta del Patronat del Tel\u00e8fon de l&#8217;Esperan\u00e7a a l&#8217;Informatiu Cap de Setmana de TVE1 el dia dissabte 23 de setembre. &nbsp;<\/p>\n","protected":false},"author":2,"featured_media":0,"comment_status":"closed","ping_status":"closed","sticky":false,"template":"","format":"standard","meta":{"footnotes":""},"categories":[31,37],"tags":[],"class_list":["post-1139","post","type-post","status-publish","format-standard","hentry","category-prensa","category-videos"],"_links":{"self":[{"href":"https:\/\/www.mariarosabuxarrais.com\/ca\/wp-json\/wp\/v2\/posts\/1139","targetHints":{"allow":["GET"]}}],"collection":[{"href":"https:\/\/www.mariarosabuxarrais.com\/ca\/wp-json\/wp\/v2\/posts"}],"about":[{"href":"https:\/\/www.mariarosabuxarrais.com\/ca\/wp-json\/wp\/v2\/types\/post"}],"author":[{"embeddable":true,"href":"https:\/\/www.mariarosabuxarrais.com\/ca\/wp-json\/wp\/v2\/users\/2"}],"replies":[{"embeddable":true,"href":"https:\/\/www.mariarosabuxarrais.com\/ca\/wp-json\/wp\/v2\/comments?post=1139"}],"version-history":[{"count":4,"href":"https:\/\/www.mariarosabuxarrais.com\/ca\/wp-json\/wp\/v2\/posts\/1139\/revisions"}],"predecessor-version":[{"id":1453,"href":"https:\/\/www.mariarosabuxarrais.com\/ca\/wp-json\/wp\/v2\/posts\/1139\/revisions\/1453"}],"wp:attachment":[{"href":"https:\/\/www.mariarosabuxarrais.com\/ca\/wp-json\/wp\/v2\/media?parent=1139"}],"wp:term":[{"taxonomy":"category","embeddable":true,"href":"https:\/\/www.mariarosabuxarrais.com\/ca\/wp-json\/wp\/v2\/categories?post=1139"},{"taxonomy":"post_tag","embeddable":true,"href":"https:\/\/www.mariarosabuxarrais.com\/ca\/wp-json\/wp\/v2\/tags?post=1139"}],"curies":[{"name":"wp","href":"https:\/\/api.w.org\/{rel}","templated":true}]}}