{"id":1107,"date":"2017-02-24T20:53:00","date_gmt":"2017-02-24T19:53:00","guid":{"rendered":"http:\/\/www.mariarosabuxarrais.com\/?p=1107"},"modified":"2018-02-22T19:21:33","modified_gmt":"2018-02-22T18:21:33","slug":"prensa-presentacion-del-libro-aprender-a-ser-por-una-pedagogia-de-la-interioridad-en-la-ub","status":"publish","type":"post","link":"https:\/\/www.mariarosabuxarrais.com\/ca\/2017\/02\/24\/prensa-presentacion-del-libro-aprender-a-ser-por-una-pedagogia-de-la-interioridad-en-la-ub\/","title":{"rendered":"Presentaci\u00f3 del llibre &#8220;Aprender a ser. Por una Pedagog\u00eda de la Interioridad&#8221; a la UB"},"content":{"rendered":"<p><\/p>\n<p style=\"text-align: justify;\"><a href=\"https:\/\/www.mariarosabuxarrais.com\/wp-content\/uploads\/2017-02-23-UB-Libro-Grao.jpg\" data-rel=\"lightbox-image-0\" data-imagelightbox=\"0\" data-rl_title=\"\" data-rl_caption=\"\" title=\"\"><img loading=\"lazy\" decoding=\"async\" class=\"alignleft size-medium wp-image-1108\" src=\"https:\/\/www.mariarosabuxarrais.com\/wp-content\/uploads\/2017-02-23-UB-Libro-Grao-191x300.jpg\" alt=\"Foto de Buxarrais y Burguet\" width=\"191\" height=\"300\" srcset=\"https:\/\/www.mariarosabuxarrais.com\/wp-content\/uploads\/2017-02-23-UB-Libro-Grao-191x300.jpg 191w, https:\/\/www.mariarosabuxarrais.com\/wp-content\/uploads\/2017-02-23-UB-Libro-Grao.jpg 412w\" sizes=\"auto, (max-width: 191px) 100vw, 191px\" \/><\/a>El dia d&#8217;ahir, Maria Rosa Buxarrais i Marta Burguet -profesoras de la Facultat d&#8217;Educaci\u00f3 i investigadores del Grup de Recerca en Educaci\u00f3 Moral (GREM) &#8211; estan conven\u00e7udes que cal apostar per una pedagogia de la interioritat. \u00abEn el m\u00f3n apressat en qu\u00e8 vivim, es fa m\u00e9s necessari que mai ser conscients de qui som, de qu\u00e8 som. \u00c9s crucial aturar-se i realitzar un exercici d&#8217;atenci\u00f3 plena \u00bb, assegura Buxarrais. \u00abDe fet, l&#8217;\u00e9sser \u00e9s quelcom genu\u00ed. Tots som des que naixem. Per\u00f2 per aprendre a ser necessitem eines i recursos que ens permetin desplegar totes les potencialitats del que ja som i que ens ajudin a entendre per qu\u00e8 som com som \u00bb, afegeix Burguet.<\/p>\n<p style=\"text-align: justify;\">Es pot llegir la nota completa <a href=\"http:\/\/www.ub.edu\/web\/ub\/ca\/menu_eines\/noticies\/2017\/02\/058.html?\" target=\"_blank\">aqu\u00ed<\/a>.<\/p>\n<p><\/p>","protected":false},"excerpt":{"rendered":"<p>El dia d&#8217;ahir, Maria Rosa Buxarrais i Marta Burguet -profesoras de la Facultat d&#8217;Educaci\u00f3 i investigadores del Grup de Recerca en Educaci\u00f3 Moral (GREM) &#8211; estan conven\u00e7udes que cal apostar per una pedagogia de la interioritat. \u00abEn el m\u00f3n apressat en qu\u00e8 vivim, es fa m\u00e9s necessari que mai ser conscients de qui som, de [&hellip;]<\/p>\n","protected":false},"author":2,"featured_media":0,"comment_status":"closed","ping_status":"closed","sticky":false,"template":"","format":"standard","meta":{"footnotes":""},"categories":[31],"tags":[],"class_list":["post-1107","post","type-post","status-publish","format-standard","hentry","category-prensa"],"_links":{"self":[{"href":"https:\/\/www.mariarosabuxarrais.com\/ca\/wp-json\/wp\/v2\/posts\/1107","targetHints":{"allow":["GET"]}}],"collection":[{"href":"https:\/\/www.mariarosabuxarrais.com\/ca\/wp-json\/wp\/v2\/posts"}],"about":[{"href":"https:\/\/www.mariarosabuxarrais.com\/ca\/wp-json\/wp\/v2\/types\/post"}],"author":[{"embeddable":true,"href":"https:\/\/www.mariarosabuxarrais.com\/ca\/wp-json\/wp\/v2\/users\/2"}],"replies":[{"embeddable":true,"href":"https:\/\/www.mariarosabuxarrais.com\/ca\/wp-json\/wp\/v2\/comments?post=1107"}],"version-history":[{"count":2,"href":"https:\/\/www.mariarosabuxarrais.com\/ca\/wp-json\/wp\/v2\/posts\/1107\/revisions"}],"predecessor-version":[{"id":1258,"href":"https:\/\/www.mariarosabuxarrais.com\/ca\/wp-json\/wp\/v2\/posts\/1107\/revisions\/1258"}],"wp:attachment":[{"href":"https:\/\/www.mariarosabuxarrais.com\/ca\/wp-json\/wp\/v2\/media?parent=1107"}],"wp:term":[{"taxonomy":"category","embeddable":true,"href":"https:\/\/www.mariarosabuxarrais.com\/ca\/wp-json\/wp\/v2\/categories?post=1107"},{"taxonomy":"post_tag","embeddable":true,"href":"https:\/\/www.mariarosabuxarrais.com\/ca\/wp-json\/wp\/v2\/tags?post=1107"}],"curies":[{"name":"wp","href":"https:\/\/api.w.org\/{rel}","templated":true}]}}