{"id":1021,"date":"2016-06-30T19:52:34","date_gmt":"2016-06-30T17:52:34","guid":{"rendered":"http:\/\/www.mariarosabuxarrais.com\/?p=1021"},"modified":"2016-07-29T19:24:15","modified_gmt":"2016-07-29T17:24:15","slug":"presentacion-de-app-para-la-educacion-en-valores-creada-por-el-telefon-de-lesperanca-de-barcelona","status":"publish","type":"post","link":"https:\/\/www.mariarosabuxarrais.com\/ca\/2016\/06\/30\/presentacion-de-app-para-la-educacion-en-valores-creada-por-el-telefon-de-lesperanca-de-barcelona\/","title":{"rendered":"Presentaci\u00f3 de l&#8217;App per educar en valors del Tel\u00e8fon de l&#8217;Esperan\u00e7a de Barcelona"},"content":{"rendered":"<p><\/p>\n<p style=\"text-align: justify;\">Intervenci\u00f3 de Maria Rosa Buxarrais al programa &#8220;Vespre a La 2&#8221; a RTVE, el 20 de juny, en qualitat de presidenta del Patronat del Tel\u00e8fon de l&#8217;Esperan\u00e7a de Barcelona, explicant la funci\u00f3 de la instituci\u00f3 i la seva ra\u00f3 de ser. Al v\u00eddeo tamb\u00e9 es pot veure (a partir de 03:25 min) la presentaci\u00f3 d&#8217;una app per al m\u00f2bil anomenada esperan\u00e7a.cat per a l&#8217;educaci\u00f3 en valors, presentada al v\u00eddeo per la directora del Tel\u00e8fon de l&#8217;Esperan\u00e7a de Barcelona, Neus Calleja.<\/p>\n<p style=\"text-align: justify;\">\u201cEsperan\u00e7a.cat\u201d \u00e9s una aplicaci\u00f3 dissenyada especialment per a adolescents i joves. Un espai per a fer difusi\u00f3 de valors i d\u2019eines comunicatives d\u2019escolta i acompanyament que els resultin ben \u00fatils per a les seves relacions interpersonals. L\u2019objectiu \u00e9s dotar-los de recursos comunicatius per tal que puguin oferir un bon suport a persones del seu entorn quotidi\u00e0 que visquin situacions generadores de patiment i arribar aix\u00ed a ser uns bons agents de prevenci\u00f3 de problem\u00e0tiques personals, emocionals o de relaci\u00f3.<\/p>\n<p style=\"text-align: justify;\">M\u00e9s informaci\u00f3 sobre aquesta app en <a href=\"http:\/\/www.telefonoesperanza.com\/app-esperanca-cat\/\" target=\"_blank\">http:\/\/www.telefonoesperanza.com\/app-esperanca-cat\/<\/a><\/p>\n<div style=\"text-align: center;\"><iframe loading=\"lazy\" src=\"https:\/\/www.youtube-nocookie.com\/embed\/ChbcJrdz1SY?rel=0&amp;showinfo=0\" width=\"480\" height=\"360\" frameborder=\"0\" allowfullscreen=\"allowfullscreen\"><\/iframe><\/div>\n<p>V\u00eddeo original: <a href=\"http:\/\/www.rtve.es\/alacarta\/videos\/vespre-a-la-2\/vespre2-sencer20juny\/3640545\/\" target=\"_blank\">http:\/\/www.rtve.es\/alacarta\/videos\/vespre-a-la-2\/vespre2-sencer20juny\/3640545\/<\/a> (a partir del minut 21:22)<\/p>","protected":false},"excerpt":{"rendered":"<p>Intervenci\u00f3 de Maria Rosa Buxarrais al programa &#8220;Vespre a La 2&#8221; a RTVE, el 20 de juny, en qualitat de presidenta del Patronat del Tel\u00e8fon de l&#8217;Esperan\u00e7a de Barcelona, explicant la funci\u00f3 de la instituci\u00f3 i la seva ra\u00f3 de ser. Al v\u00eddeo tamb\u00e9 es pot veure (a partir de 03:25 min) la presentaci\u00f3 d&#8217;una [&hellip;]<\/p>\n","protected":false},"author":2,"featured_media":0,"comment_status":"closed","ping_status":"closed","sticky":false,"template":"","format":"standard","meta":{"footnotes":""},"categories":[1],"tags":[],"class_list":["post-1021","post","type-post","status-publish","format-standard","hentry","category-uncategorized"],"_links":{"self":[{"href":"https:\/\/www.mariarosabuxarrais.com\/ca\/wp-json\/wp\/v2\/posts\/1021","targetHints":{"allow":["GET"]}}],"collection":[{"href":"https:\/\/www.mariarosabuxarrais.com\/ca\/wp-json\/wp\/v2\/posts"}],"about":[{"href":"https:\/\/www.mariarosabuxarrais.com\/ca\/wp-json\/wp\/v2\/types\/post"}],"author":[{"embeddable":true,"href":"https:\/\/www.mariarosabuxarrais.com\/ca\/wp-json\/wp\/v2\/users\/2"}],"replies":[{"embeddable":true,"href":"https:\/\/www.mariarosabuxarrais.com\/ca\/wp-json\/wp\/v2\/comments?post=1021"}],"version-history":[{"count":7,"href":"https:\/\/www.mariarosabuxarrais.com\/ca\/wp-json\/wp\/v2\/posts\/1021\/revisions"}],"predecessor-version":[{"id":1029,"href":"https:\/\/www.mariarosabuxarrais.com\/ca\/wp-json\/wp\/v2\/posts\/1021\/revisions\/1029"}],"wp:attachment":[{"href":"https:\/\/www.mariarosabuxarrais.com\/ca\/wp-json\/wp\/v2\/media?parent=1021"}],"wp:term":[{"taxonomy":"category","embeddable":true,"href":"https:\/\/www.mariarosabuxarrais.com\/ca\/wp-json\/wp\/v2\/categories?post=1021"},{"taxonomy":"post_tag","embeddable":true,"href":"https:\/\/www.mariarosabuxarrais.com\/ca\/wp-json\/wp\/v2\/tags?post=1021"}],"curies":[{"name":"wp","href":"https:\/\/api.w.org\/{rel}","templated":true}]}}